{"id":262,"date":"2017-02-12T19:30:15","date_gmt":"2017-02-12T18:30:15","guid":{"rendered":"https:\/\/www.informaticapremium.com\/blog\/?p=262"},"modified":"2018-05-09T09:53:54","modified_gmt":"2018-05-09T07:53:54","slug":"amd-ryzen-ultimos-detalles","status":"publish","type":"post","link":"https:\/\/www.informaticapremium.com\/blog\/amd-ryzen-ultimos-detalles\/","title":{"rendered":"AMD Ryzen. \u00daltimos detalles."},"content":{"rendered":"<p>AMD Ryzen monopoliza los titulares en la industria de semiconductores por las excelentes expectativas respecto a su rendimiento. Y no es para menos, pues pondr\u00eda\u00a0de nuevo a AMD en\u00a0una lucha de iguales con Intel\u00a0tras m\u00e1s de una d\u00e9cada.<\/p>\n<p>En este art\u00edculo voy a tratar varios detalles novedosos de los procesadores AMD Ryzen:<\/p>\n<ul>\n<li>AMD XFR y los procesadores Ryzen X<\/li>\n<li>La ventaja en mm\u00b2\u00a0de Ryzen respecto a Skylake<\/li>\n<li>AMD se pone al d\u00eda en proceso de fabricaci\u00f3n, 14 nm\n<ul>\n<li>El core AMD Zen 14 nm<\/li>\n<li>Las versiones comerciales de AMD Ryzen<\/li>\n<\/ul>\n<\/li>\n<li>Los precios de las CPU AMD Ryzen<\/li>\n<li>La reacci\u00f3n del gigante: Intel<\/li>\n<li>El lanzamiento comercial de AMD Ryzen<\/li>\n<li>AMD XFR y los procesadores Ryzen X<\/li>\n<\/ul>\n<p>Los modelos AMD Ryzen acabados en X, por ejemplo el\u00a0R7 1700X (8-core, 16-thread y 95 W TDP) integrar\u00e1 esta tecnolog\u00eda.<\/p>\n<blockquote><p>Con los procesadores AMD Ryzen, ser\u00e1 muy importante contar con una refrigeraci\u00f3n de alta gama para desplegar sus m\u00e1ximas prestaciones.<\/p><\/blockquote>\n<p><!--more--><\/p>\n<figure id=\"attachment_263\" aria-describedby=\"caption-attachment-263\" style=\"width: 640px\" class=\"wp-caption aligncenter\"><img decoding=\"async\" loading=\"lazy\" class=\"size-full wp-image-263\" src=\"https:\/\/i0.wp.com\/www.informaticapremium.com\/blog\/wp-content\/uploads\/2017\/02\/informaticapremium-AMD-Ryzen-XFR.jpg?resize=640%2C360&#038;ssl=1\" alt=\"AMD Ryzen XFR auto overclock\" width=\"640\" height=\"360\" srcset=\"https:\/\/i0.wp.com\/www.informaticapremium.com\/blog\/wp-content\/uploads\/2017\/02\/informaticapremium-AMD-Ryzen-XFR.jpg?w=640&amp;ssl=1 640w, https:\/\/i0.wp.com\/www.informaticapremium.com\/blog\/wp-content\/uploads\/2017\/02\/informaticapremium-AMD-Ryzen-XFR.jpg?resize=300%2C169&amp;ssl=1 300w\" sizes=\"(max-width: 709px) 85vw, (max-width: 909px) 67vw, (max-width: 984px) 61vw, (max-width: 1362px) 45vw, 600px\" data-recalc-dims=\"1\" \/><figcaption id=\"caption-attachment-263\" class=\"wp-caption-text\">AMD Ryzen XFR auto overclock.<\/figcaption><\/figure>\n<p>Si un procesador Ryzen de la serie X detecta bajas temperaturas mientras est\u00e1 en carga elevada efectuar\u00e1 un auto overclock din\u00e1mico.\u00a0En otras palabras, aumentar\u00e1 su frecuencia por encima de su m\u00e1ximo y por ello incrementando el rendimiento.<\/p>\n<h3>La ventaja en mm\u00b2 respecto a Skylake<\/h3>\n<p>AMD ha hablado de la superficie de Zen en el reciente <a href=\"http:\/\/isscc.org\/\">ISSCC 2017 (IEEE international Solid-State Circuits Conference)<\/a> que se ha celebrado del 5 al 9 de Febrero\u00a02017.<\/p>\n<figure id=\"attachment_264\" aria-describedby=\"caption-attachment-264\" style=\"width: 640px\" class=\"wp-caption aligncenter\"><img decoding=\"async\" loading=\"lazy\" class=\"size-full wp-image-264\" src=\"https:\/\/i0.wp.com\/www.informaticapremium.com\/blog\/wp-content\/uploads\/2017\/02\/AMD-Zen-ISSCC-2017.jpg?resize=640%2C416&#038;ssl=1\" alt=\"AMD Zen ISSCC 2017\" width=\"640\" height=\"416\" srcset=\"https:\/\/i0.wp.com\/www.informaticapremium.com\/blog\/wp-content\/uploads\/2017\/02\/AMD-Zen-ISSCC-2017.jpg?w=640&amp;ssl=1 640w, https:\/\/i0.wp.com\/www.informaticapremium.com\/blog\/wp-content\/uploads\/2017\/02\/AMD-Zen-ISSCC-2017.jpg?resize=300%2C195&amp;ssl=1 300w\" sizes=\"(max-width: 709px) 85vw, (max-width: 909px) 67vw, (max-width: 984px) 61vw, (max-width: 1362px) 45vw, 600px\" data-recalc-dims=\"1\" \/><figcaption id=\"caption-attachment-264\" class=\"wp-caption-text\">AMD Zen ISSCC 2017<\/figcaption><\/figure>\n<p>AMD ha conseguido integrar los 4 cores de un CCX (4 Core Complex) Zen en menor superficie que un Intel Skylake.<\/p>\n<p>Hay que tener en cuenta que AMD dota a Zen con 512 KB de L2 frente a los 256 KB L2 de Intel.<\/p>\n<figure id=\"attachment_265\" aria-describedby=\"caption-attachment-265\" style=\"width: 613px\" class=\"wp-caption aligncenter\"><img decoding=\"async\" loading=\"lazy\" class=\"size-full wp-image-265\" src=\"https:\/\/i0.wp.com\/www.informaticapremium.com\/blog\/wp-content\/uploads\/2017\/02\/AMD-Zen-area-vs-Skylake.png?resize=613%2C424&#038;ssl=1\" alt=\"\u00c1rea de AMD Zen respecto a Intel Skylake. Ambos en 14 nm.\" width=\"613\" height=\"424\" srcset=\"https:\/\/i0.wp.com\/www.informaticapremium.com\/blog\/wp-content\/uploads\/2017\/02\/AMD-Zen-area-vs-Skylake.png?w=613&amp;ssl=1 613w, https:\/\/i0.wp.com\/www.informaticapremium.com\/blog\/wp-content\/uploads\/2017\/02\/AMD-Zen-area-vs-Skylake.png?resize=300%2C208&amp;ssl=1 300w\" sizes=\"(max-width: 709px) 85vw, (max-width: 909px) 67vw, (max-width: 984px) 61vw, (max-width: 1362px) 45vw, 600px\" data-recalc-dims=\"1\" \/><figcaption id=\"caption-attachment-265\" class=\"wp-caption-text\">\u00c1rea de AMD Zen respecto a Intel Skylake. Ambos en 14 nm.<\/figcaption><\/figure>\n<p>La principal raz\u00f3n de esta ventaja en \u00e1rea se debe al nuevo nodo de fabricaci\u00f3n de 14 nm.<\/p>\n<h5>AMD se pone al d\u00eda en proceso de fabricaci\u00f3n, 14 nm<\/h5>\n<p>Este resultado marca un hito para AMD, siempre muy rezagado respecto a Intel en cuanto a tecnolog\u00eda de fabricaci\u00f3n.<\/p>\n<p>Sin duda la colaboraci\u00f3n con Samsung en el proceso de fabricaci\u00f3n de 14 nm fue la mejor noticia para AMD. Gracias a esta alianza AMD tiene un brillante futuro por delante.<\/p>\n<figure id=\"attachment_266\" aria-describedby=\"caption-attachment-266\" style=\"width: 640px\" class=\"wp-caption aligncenter\"><img decoding=\"async\" loading=\"lazy\" class=\"wp-image-266 size-full\" title=\"Un CCX de AMD Zen, 4 cores, 4 L2 de 512 KB y L3 de 8 MB.\" src=\"https:\/\/i0.wp.com\/www.informaticapremium.com\/blog\/wp-content\/uploads\/2017\/02\/AMD-Zen-CCX.jpg?resize=640%2C372&#038;ssl=1\" alt=\"Un CCX de AMD Zen, 4 cores, 4 L2 de 512 KB y L3 de 8 MB.\" width=\"640\" height=\"372\" srcset=\"https:\/\/i0.wp.com\/www.informaticapremium.com\/blog\/wp-content\/uploads\/2017\/02\/AMD-Zen-CCX.jpg?w=640&amp;ssl=1 640w, https:\/\/i0.wp.com\/www.informaticapremium.com\/blog\/wp-content\/uploads\/2017\/02\/AMD-Zen-CCX.jpg?resize=300%2C174&amp;ssl=1 300w\" sizes=\"(max-width: 709px) 85vw, (max-width: 909px) 67vw, (max-width: 984px) 61vw, (max-width: 1362px) 45vw, 600px\" data-recalc-dims=\"1\" \/><figcaption id=\"caption-attachment-266\" class=\"wp-caption-text\">Un CCX de AMD Zen, 4 cores, 4 L2 de 512 KB y L3 de 8 MB.<\/figcaption><\/figure>\n<p>Recordemos que las APU de AMD actualmente en el mercado est\u00e1n fabricadas con el venerable proceso de 28 nm y los AMD FX Piledriver en 32 nm. Mientras, Intel lleva desde Broadwell fabricando en 14 nm&#8230; hace ya 2 generaciones.<\/p>\n<figure id=\"attachment_267\" aria-describedby=\"caption-attachment-267\" style=\"width: 467px\" class=\"wp-caption aligncenter\"><img decoding=\"async\" loading=\"lazy\" class=\"size-full wp-image-267\" src=\"https:\/\/i0.wp.com\/www.informaticapremium.com\/blog\/wp-content\/uploads\/2017\/02\/AMD-Zen-4core-CCX.jpg?resize=467%2C300&#038;ssl=1\" alt=\"Un CCX: 4 cores Zen con sus L2 de 512 KB y la L3 compartida de 8 MB en el centro.\" width=\"467\" height=\"300\" srcset=\"https:\/\/i0.wp.com\/www.informaticapremium.com\/blog\/wp-content\/uploads\/2017\/02\/AMD-Zen-4core-CCX.jpg?w=467&amp;ssl=1 467w, https:\/\/i0.wp.com\/www.informaticapremium.com\/blog\/wp-content\/uploads\/2017\/02\/AMD-Zen-4core-CCX.jpg?resize=300%2C193&amp;ssl=1 300w\" sizes=\"(max-width: 467px) 85vw, 467px\" data-recalc-dims=\"1\" \/><figcaption id=\"caption-attachment-267\" class=\"wp-caption-text\">Un CCX: 4 cores Zen con sus L2 de 512 KB y la L3 compartida de 8 MB en el centro.<\/figcaption><\/figure>\n<p>En la imagen anterior vemos un CCX formado por 4 cores con su L2 de 512 KB cada uno y los 4 bancos de L3 de 2 MB para un total de 8 MB por CCX.<\/p>\n<h5>El core AMD Zen 14 nm<\/h5>\n<figure id=\"attachment_268\" aria-describedby=\"caption-attachment-268\" style=\"width: 147px\" class=\"wp-caption aligncenter\"><img decoding=\"async\" loading=\"lazy\" class=\"size-full wp-image-268\" src=\"https:\/\/i0.wp.com\/www.informaticapremium.com\/blog\/wp-content\/uploads\/2017\/02\/AMD-Zen-Core-512KB-L2.jpg?resize=147%2C149&#038;ssl=1\" alt=\"Un core Zen con su cach\u00e9 L2 de 512 KB a la izquierda.\" width=\"147\" height=\"149\" data-recalc-dims=\"1\" \/><figcaption id=\"caption-attachment-268\" class=\"wp-caption-text\">Un core Zen con su L2 de 512 KB a la izquierda.<\/figcaption><\/figure>\n<p>Aparentemente, en AMD Zen, se ve un excelente aprovechamiento del espacio del die. Cosa que no suced\u00eda con todas las variantes de la <a href=\"https:\/\/professionalsat.blogspot.com.es\/2011\/12\/bulldozer-32-nm-amd-fx-parte-2.html\">micro arquitectura Bulldozer<\/a>.<\/p>\n<p>Esto es importante porque reduce el coste de fabricaci\u00f3n del procesador. Menos mm\u00b2 de silicio, m\u00e1s chips por wafer, menor precio.<\/p>\n<h3>Las versiones comerciales de AMD Ryzen<\/h3>\n<p>AMD va a desplegar versiones de Ryzen desde los 4 hasta los 8 cores.<\/p>\n<p>El nuevo procesador estar\u00e1 dividido en tres\u00a0gamas:<\/p>\n<ul>\n<li>La gama baja Ryzen 3, con 4 cores sin SMT, 4 threads. 8 MB cach\u00e9 L3.<\/li>\n<li>La gama media Ryzen 5, con 4 y 6 cores con SMT, 8 y 12 threads. 8 u 8+8 MB cach\u00e9 L3.<\/li>\n<li>La gama alta Ryzen 7, con 8 cores con SMT y 16 threads. 8 + 8 MB L3.<\/li>\n<\/ul>\n<p><span style=\"color: #1a1a1a; font-size: 16px;\">Los <\/span><strong style=\"color: #1a1a1a; font-size: 16px;\">Ryzen 3<\/strong><span style=\"color: #1a1a1a; font-size: 16px;\"> constan de 1 CCX de 4 cores con 8 Mb de cach\u00e9 L3. El SMT no est\u00e1 activado por lo que cuentan con 4 threads de procesamiento.<\/span>Las series <strong>Ryzen 5<\/strong> por su parte s\u00ed activan el SMT, cada core ejecuta 2 threads (como el Hyper Threading de Intel). Habr\u00e1 versiones con 1 y 2 CCX con 4 o 6 cores activados y 8 o 12 threads.<\/p>\n<p>Los <strong>Ryzen 7<\/strong> ser\u00e1n el tope de gama. Con 2 CCX y 2 cach\u00e9s L3 completas de 8 MB integran 8 cores y 16 threads de procesamiento.<\/p>\n<h3>Los precios de las CPU AMD Ryzen<\/h3>\n<p>Los precios que AMD marca siempre han estados supeditados a Intel:<\/p>\n<p>Si una CPU Intel con una velocidad dada cuesta X \u20ac, AMD ajusta su precio a X\u00a0\u20ac para unas prestaciones similares esa CPU de Intel.<\/p>\n<blockquote><p>Sabiendo el precio de un procesador\u00a0Zen determinado, sabremos qu\u00e9 prestaciones tendr\u00e1 el chip en cuesti\u00f3n comparando precio con sus hom\u00f3logos de Intel.<\/p><\/blockquote>\n<p>Parece ser que el chip Ryzen m\u00e1s caro, el Ryzen 7 1800X va a rondar los 600 \u20ac en Espa\u00f1a.<\/p>\n<figure id=\"attachment_271\" aria-describedby=\"caption-attachment-271\" style=\"width: 640px\" class=\"wp-caption aligncenter\"><img decoding=\"async\" loading=\"lazy\" class=\"size-full wp-image-271\" src=\"https:\/\/i0.wp.com\/www.informaticapremium.com\/blog\/wp-content\/uploads\/2017\/02\/AMD-Ryzen-USD.jpg?resize=640%2C166&#038;ssl=1\" alt=\"Precios de lanzamiento AMD Ryzen en $\" width=\"640\" height=\"166\" srcset=\"https:\/\/i0.wp.com\/www.informaticapremium.com\/blog\/wp-content\/uploads\/2017\/02\/AMD-Ryzen-USD.jpg?w=640&amp;ssl=1 640w, https:\/\/i0.wp.com\/www.informaticapremium.com\/blog\/wp-content\/uploads\/2017\/02\/AMD-Ryzen-USD.jpg?resize=300%2C78&amp;ssl=1 300w\" sizes=\"(max-width: 709px) 85vw, (max-width: 909px) 67vw, (max-width: 984px) 61vw, (max-width: 1362px) 45vw, 600px\" data-recalc-dims=\"1\" \/><figcaption id=\"caption-attachment-271\" class=\"wp-caption-text\">Precios de lanzamiento AMD Ryzen en $<\/figcaption><\/figure>\n<p>Esto me hace pensar que AMD lo posiciona por encima del Intel Core i7 6700K \/ 770oK y lo lanza a competir con los m\u00e1s caros Intel Core i7 6900K.<\/p>\n<figure id=\"attachment_292\" aria-describedby=\"caption-attachment-292\" style=\"width: 640px\" class=\"wp-caption aligncenter\"><img decoding=\"async\" loading=\"lazy\" class=\"size-full wp-image-292\" src=\"https:\/\/i0.wp.com\/www.informaticapremium.com\/blog\/wp-content\/uploads\/2017\/02\/AMD-Ryzen-Precio-Dolar.jpg?resize=640%2C316&#038;ssl=1\" alt=\"Tabla de preciosde las CPUs MAD Ryzen en d\u00f3lares USA.\" width=\"640\" height=\"316\" srcset=\"https:\/\/i0.wp.com\/www.informaticapremium.com\/blog\/wp-content\/uploads\/2017\/02\/AMD-Ryzen-Precio-Dolar.jpg?w=640&amp;ssl=1 640w, https:\/\/i0.wp.com\/www.informaticapremium.com\/blog\/wp-content\/uploads\/2017\/02\/AMD-Ryzen-Precio-Dolar.jpg?resize=300%2C148&amp;ssl=1 300w\" sizes=\"(max-width: 709px) 85vw, (max-width: 909px) 67vw, (max-width: 984px) 61vw, (max-width: 1362px) 45vw, 600px\" data-recalc-dims=\"1\" \/><figcaption id=\"caption-attachment-292\" class=\"wp-caption-text\">Tabla de precios de las CPUs AMD Ryzen en d\u00f3lares USA.<\/figcaption><\/figure>\n<p>Aunque, no nos enga\u00f1emos, sin duda el Zen m\u00e1s alto de gama no llegar\u00e1 a la potencia de c\u00e1lculo por core y por thread de un Core i7 6700K o 7700K. Aunque estar\u00e1 cerca&#8230; Eso s\u00ed, <strong>dispondr\u00e1 del doble de cores y threads.<\/strong><\/p>\n<p>Personalmente opino que no es l\u00f3gico ni realista pensar que un Ryzen de 600 \u20ac llegue a las prestaciones de todo un 6900K de 1100 \u20ac, pero parece que va a acercase y mucho.<\/p>\n<blockquote><p>Si un AMD Ryzen de 600 \u20ac fuese comparable en prestaciones al 6900K de 1100 \u20ac Intel deber\u00eda reducir de inmediato y de manera radical sus precios en gama alta.<\/p><\/blockquote>\n<h3>La reacci\u00f3n del gigante: Intel<\/h3>\n<p>Intel va a sacar al mercado como reacci\u00f3n inicial dos nuevos procesadores basados en su micro arquitectura Kaby Lake en el proceso de fabricaci\u00f3n de 14+ nm (Intel Core Gen 7).<\/p>\n<p>Se trata de dos quad core, un Core i5 y un Core i7:<\/p>\n<p><img decoding=\"async\" loading=\"lazy\" width=\"640\" height=\"492\" class=\"size-full wp-image-279\" src=\"https:\/\/i0.wp.com\/www.informaticapremium.com\/blog\/wp-content\/uploads\/2017\/02\/Intel-Core-i7-7740K-Core-i5-7640K.jpg?resize=640%2C492&#038;ssl=1\" alt=\"&quot;Los\" srcset=\"https:\/\/i0.wp.com\/www.informaticapremium.com\/blog\/wp-content\/uploads\/2017\/02\/Intel-Core-i7-7740K-Core-i5-7640K.jpg?w=640&amp;ssl=1 640w, https:\/\/i0.wp.com\/www.informaticapremium.com\/blog\/wp-content\/uploads\/2017\/02\/Intel-Core-i7-7740K-Core-i5-7640K.jpg?resize=300%2C231&amp;ssl=1 300w\" sizes=\"(max-width: 709px) 85vw, (max-width: 909px) 67vw, (max-width: 984px) 61vw, (max-width: 1362px) 45vw, 600px\" data-recalc-dims=\"1\" \/><\/p>\n<p>Se trata de dos CPUs con la misma micro arquitectura que los actuales Core Gen 7 pero mayor frecuencia y TDP.<\/p>\n<ul>\n<li>Core i7 7740K<\/li>\n<li>Core i5 7640K<\/li>\n<\/ul>\n<p>Intel se enfrenta, tras a\u00f1os de calma y dominio absoluto del mercado, a una \u00e9poca de incertidumbre. Si AMD ejecuta bien con la arquitectura Zen se presentan tiempos de competencia y bajada de precios en gama alta.<\/p>\n<p>Esto traer\u00e1 CPUs Intel de 6 y 8 cores con SMT y altas frecuencias a bandas de precio sobre los 300 &#8211; 400 \u20ac y ser\u00e1 una excelente noticia para los consumidores.<\/p>\n<p>Intel deber\u00eda lanzar CPUs de 6 y 8 cores para su actual plataforma de sobremesa con controladoras DDR4 dual channel de alta frecuencia.<\/p>\n<p>La excelente escalada de frecuencia de la memoria DDR4, que ya ronda los 4266 MHz. Un dual channel DDR4 4266 aporta un ancho de banda de 68 GB\/s. Perfecto\u00a0para 8 cores.<\/p>\n<h3>El lanzamiento comercial de AMD Ryzen<\/h3>\n<p>Los \u00faltimos rumores apuntan al 28 de Febrero&#8230; quiz\u00e1s Ryzen est\u00e1 m\u00e1s cerca de lo que pensamos. Esperemos que no defraude las altas expectativas que se est\u00e1n creando.<\/p>\n<p>Hasta aqu\u00ed, otro de mis art\u00edculos en <strong>informaticapremium<\/strong> sobre lo \u00faltimo en <strong>hardware<\/strong>, <strong>sistemas<\/strong>, <strong>almacenamiento<\/strong>, <strong>redes<\/strong>, <strong>programaci\u00f3n<\/strong>, <strong>dise\u00f1o web<\/strong>, <strong>recuperaci\u00f3n de datos<\/strong> y actualidad del mundo de la <strong>t\u00e9cnica<\/strong> y la <strong>inform\u00e1tica<\/strong>. Nos vemos en breve.<\/p>\n<p>Carlos Yus Valero.<\/p>\n","protected":false},"excerpt":{"rendered":"<p>AMD Ryzen monopoliza los titulares en la industria de semiconductores por las excelentes expectativas respecto a su rendimiento. Y no es para menos, pues pondr\u00eda\u00a0de nuevo a AMD en\u00a0una lucha de iguales con Intel\u00a0tras m\u00e1s de una d\u00e9cada. En este art\u00edculo voy a tratar varios detalles novedosos de los procesadores AMD Ryzen: AMD XFR y &hellip; <a href=\"https:\/\/www.informaticapremium.com\/blog\/amd-ryzen-ultimos-detalles\/\" class=\"more-link\">Continuar leyendo<span class=\"screen-reader-text\"> \u00abAMD Ryzen. \u00daltimos detalles.\u00bb<\/span><\/a><\/p>\n","protected":false},"author":2,"featured_media":266,"comment_status":"open","ping_status":"open","sticky":false,"template":"","format":"standard","meta":{"jetpack_post_was_ever_published":false,"_jetpack_newsletter_access":"","footnotes":"","jetpack_publicize_message":"","jetpack_is_tweetstorm":false,"jetpack_publicize_feature_enabled":true,"jetpack_social_post_already_shared":true,"jetpack_social_options":{"image_generator_settings":{"template":"highway","enabled":false}}},"categories":[6,18,4],"tags":[120,20,118,123,121,119,48,124,125,95,22,122],"jetpack_publicize_connections":[],"yoast_head":"<!-- This site is optimized with the Yoast SEO plugin v21.3 - https:\/\/yoast.com\/wordpress\/plugins\/seo\/ -->\n<title>AMD Ryzen. \u00daltimos detalles. - Blog | informaticapremium<\/title>\n<meta name=\"description\" content=\"AMD Ryzen monopoliza los titulares en la industria de semiconductores por las excelentes expectativas respecto a su rendimiento. Aqu\u00ed comparto mi an\u00e1lisis.\" \/>\n<meta name=\"robots\" content=\"index, follow, max-snippet:-1, max-image-preview:large, max-video-preview:-1\" \/>\n<link rel=\"canonical\" href=\"https:\/\/www.informaticapremium.com\/blog\/amd-ryzen-ultimos-detalles\/\" \/>\n<meta property=\"og:locale\" content=\"es_ES\" \/>\n<meta property=\"og:type\" content=\"article\" \/>\n<meta property=\"og:title\" content=\"AMD Ryzen. \u00daltimos detalles. - Blog | informaticapremium\" \/>\n<meta property=\"og:description\" content=\"AMD Ryzen monopoliza los titulares en la industria de semiconductores por las excelentes expectativas respecto a su rendimiento. Aqu\u00ed comparto mi an\u00e1lisis.\" \/>\n<meta property=\"og:url\" content=\"https:\/\/www.informaticapremium.com\/blog\/amd-ryzen-ultimos-detalles\/\" \/>\n<meta property=\"og:site_name\" content=\"Blog | informaticapremium\" \/>\n<meta property=\"article:publisher\" content=\"https:\/\/www.facebook.com\/informaticapremiumcom\/\" \/>\n<meta property=\"article:published_time\" content=\"2017-02-12T18:30:15+00:00\" \/>\n<meta property=\"article:modified_time\" content=\"2018-05-09T07:53:54+00:00\" \/>\n<meta property=\"og:image\" content=\"https:\/\/i1.wp.com\/www.informaticapremium.com\/blog\/wp-content\/uploads\/2017\/02\/AMD-Zen-CCX.jpg?fit=640%2C372&ssl=1\" \/>\n\t<meta property=\"og:image:width\" content=\"640\" \/>\n\t<meta property=\"og:image:height\" content=\"372\" \/>\n\t<meta property=\"og:image:type\" content=\"image\/jpeg\" \/>\n<meta name=\"author\" content=\"Carlos Yus Valero\" \/>\n<meta name=\"twitter:card\" content=\"summary_large_image\" \/>\n<meta name=\"twitter:creator\" content=\"@informatpremium\" \/>\n<meta name=\"twitter:site\" content=\"@informatpremium\" \/>\n<meta name=\"twitter:label1\" content=\"Escrito por\" \/>\n\t<meta name=\"twitter:data1\" content=\"Carlos Yus Valero\" \/>\n\t<meta name=\"twitter:label2\" content=\"Tiempo de lectura\" \/>\n\t<meta name=\"twitter:data2\" content=\"6 minutos\" \/>\n<script type=\"application\/ld+json\" class=\"yoast-schema-graph\">{\"@context\":\"https:\/\/schema.org\",\"@graph\":[{\"@type\":\"Article\",\"@id\":\"https:\/\/www.informaticapremium.com\/blog\/amd-ryzen-ultimos-detalles\/#article\",\"isPartOf\":{\"@id\":\"https:\/\/www.informaticapremium.com\/blog\/amd-ryzen-ultimos-detalles\/\"},\"author\":{\"name\":\"Carlos Yus Valero\",\"@id\":\"https:\/\/www.informaticapremium.com\/blog\/#\/schema\/person\/cae1ff82e8f2355d7544ca56e0558b06\"},\"headline\":\"AMD Ryzen. \u00daltimos detalles.\",\"datePublished\":\"2017-02-12T18:30:15+00:00\",\"dateModified\":\"2018-05-09T07:53:54+00:00\",\"mainEntityOfPage\":{\"@id\":\"https:\/\/www.informaticapremium.com\/blog\/amd-ryzen-ultimos-detalles\/\"},\"wordCount\":1263,\"commentCount\":4,\"publisher\":{\"@id\":\"https:\/\/www.informaticapremium.com\/blog\/#organization\"},\"keywords\":[\"14 nm\",\"AMD\",\"AMD Ryzen\",\"AMD Ryzen X\",\"AMD XFR\",\"AMD Zen\",\"CPU\",\"Lanzamiento AMD Ryzen\",\"Precios AMD Ryzen\",\"procesador\",\"procesadores\",\"Ryzen XFR\"],\"articleSection\":[\"Hardware\",\"Procesadores\",\"Sistemas\"],\"inLanguage\":\"es\",\"potentialAction\":[{\"@type\":\"CommentAction\",\"name\":\"Comment\",\"target\":[\"https:\/\/www.informaticapremium.com\/blog\/amd-ryzen-ultimos-detalles\/#respond\"]}]},{\"@type\":\"WebPage\",\"@id\":\"https:\/\/www.informaticapremium.com\/blog\/amd-ryzen-ultimos-detalles\/\",\"url\":\"https:\/\/www.informaticapremium.com\/blog\/amd-ryzen-ultimos-detalles\/\",\"name\":\"AMD Ryzen. \u00daltimos detalles. - Blog | informaticapremium\",\"isPartOf\":{\"@id\":\"https:\/\/www.informaticapremium.com\/blog\/#website\"},\"datePublished\":\"2017-02-12T18:30:15+00:00\",\"dateModified\":\"2018-05-09T07:53:54+00:00\",\"description\":\"AMD Ryzen monopoliza los titulares en la industria de semiconductores por las excelentes expectativas respecto a su rendimiento. Aqu\u00ed comparto mi an\u00e1lisis.\",\"breadcrumb\":{\"@id\":\"https:\/\/www.informaticapremium.com\/blog\/amd-ryzen-ultimos-detalles\/#breadcrumb\"},\"inLanguage\":\"es\",\"potentialAction\":[{\"@type\":\"ReadAction\",\"target\":[\"https:\/\/www.informaticapremium.com\/blog\/amd-ryzen-ultimos-detalles\/\"]}]},{\"@type\":\"BreadcrumbList\",\"@id\":\"https:\/\/www.informaticapremium.com\/blog\/amd-ryzen-ultimos-detalles\/#breadcrumb\",\"itemListElement\":[{\"@type\":\"ListItem\",\"position\":1,\"name\":\"Portada\",\"item\":\"https:\/\/www.informaticapremium.com\/blog\/\"},{\"@type\":\"ListItem\",\"position\":2,\"name\":\"AMD Ryzen. \u00daltimos detalles.\"}]},{\"@type\":\"WebSite\",\"@id\":\"https:\/\/www.informaticapremium.com\/blog\/#website\",\"url\":\"https:\/\/www.informaticapremium.com\/blog\/\",\"name\":\"Blog | informaticapremium\",\"description\":\"Inform\u00e1tica, sistemas, hardware, redes, procesadores, optimizaci\u00f3n del rendimiento\",\"publisher\":{\"@id\":\"https:\/\/www.informaticapremium.com\/blog\/#organization\"},\"potentialAction\":[{\"@type\":\"SearchAction\",\"target\":{\"@type\":\"EntryPoint\",\"urlTemplate\":\"https:\/\/www.informaticapremium.com\/blog\/?s={search_term_string}\"},\"query-input\":\"required name=search_term_string\"}],\"inLanguage\":\"es\"},{\"@type\":\"Organization\",\"@id\":\"https:\/\/www.informaticapremium.com\/blog\/#organization\",\"name\":\"informaticapremium\",\"url\":\"https:\/\/www.informaticapremium.com\/blog\/\",\"logo\":{\"@type\":\"ImageObject\",\"inLanguage\":\"es\",\"@id\":\"https:\/\/www.informaticapremium.com\/blog\/#\/schema\/logo\/image\/\",\"url\":\"https:\/\/i2.wp.com\/www.informaticapremium.com\/blog\/wp-content\/uploads\/2016\/10\/cropped-informaticapremium-logo.png?fit=240%2C240&ssl=1\",\"contentUrl\":\"https:\/\/i2.wp.com\/www.informaticapremium.com\/blog\/wp-content\/uploads\/2016\/10\/cropped-informaticapremium-logo.png?fit=240%2C240&ssl=1\",\"width\":240,\"height\":240,\"caption\":\"informaticapremium\"},\"image\":{\"@id\":\"https:\/\/www.informaticapremium.com\/blog\/#\/schema\/logo\/image\/\"},\"sameAs\":[\"https:\/\/www.facebook.com\/informaticapremiumcom\/\",\"https:\/\/twitter.com\/informatpremium\",\"https:\/\/www.linkedin.com\/company\/informaticapremium\/\"]},{\"@type\":\"Person\",\"@id\":\"https:\/\/www.informaticapremium.com\/blog\/#\/schema\/person\/cae1ff82e8f2355d7544ca56e0558b06\",\"name\":\"Carlos Yus Valero\",\"description\":\"Apasionado de la tecnolog\u00eda, el mundo de las IT y la f\u00edsica te\u00f3rica. Mi profesi\u00f3n gira en torno a la administraci\u00f3n de sistemas y el hardware hace 18 a\u00f1os.\",\"sameAs\":[\"https:\/\/informaticapremium.com\"],\"url\":\"https:\/\/www.informaticapremium.com\/blog\/author\/carlosyus\/\"}]}<\/script>\n<!-- \/ Yoast SEO plugin. -->","yoast_head_json":{"title":"AMD Ryzen. \u00daltimos detalles. - Blog | informaticapremium","description":"AMD Ryzen monopoliza los titulares en la industria de semiconductores por las excelentes expectativas respecto a su rendimiento. Aqu\u00ed comparto mi an\u00e1lisis.","robots":{"index":"index","follow":"follow","max-snippet":"max-snippet:-1","max-image-preview":"max-image-preview:large","max-video-preview":"max-video-preview:-1"},"canonical":"https:\/\/www.informaticapremium.com\/blog\/amd-ryzen-ultimos-detalles\/","og_locale":"es_ES","og_type":"article","og_title":"AMD Ryzen. \u00daltimos detalles. - Blog | informaticapremium","og_description":"AMD Ryzen monopoliza los titulares en la industria de semiconductores por las excelentes expectativas respecto a su rendimiento. Aqu\u00ed comparto mi an\u00e1lisis.","og_url":"https:\/\/www.informaticapremium.com\/blog\/amd-ryzen-ultimos-detalles\/","og_site_name":"Blog | informaticapremium","article_publisher":"https:\/\/www.facebook.com\/informaticapremiumcom\/","article_published_time":"2017-02-12T18:30:15+00:00","article_modified_time":"2018-05-09T07:53:54+00:00","og_image":[{"width":640,"height":372,"url":"https:\/\/i1.wp.com\/www.informaticapremium.com\/blog\/wp-content\/uploads\/2017\/02\/AMD-Zen-CCX.jpg?fit=640%2C372&ssl=1","type":"image\/jpeg"}],"author":"Carlos Yus Valero","twitter_card":"summary_large_image","twitter_creator":"@informatpremium","twitter_site":"@informatpremium","twitter_misc":{"Escrito por":"Carlos Yus Valero","Tiempo de lectura":"6 minutos"},"schema":{"@context":"https:\/\/schema.org","@graph":[{"@type":"Article","@id":"https:\/\/www.informaticapremium.com\/blog\/amd-ryzen-ultimos-detalles\/#article","isPartOf":{"@id":"https:\/\/www.informaticapremium.com\/blog\/amd-ryzen-ultimos-detalles\/"},"author":{"name":"Carlos Yus Valero","@id":"https:\/\/www.informaticapremium.com\/blog\/#\/schema\/person\/cae1ff82e8f2355d7544ca56e0558b06"},"headline":"AMD Ryzen. \u00daltimos detalles.","datePublished":"2017-02-12T18:30:15+00:00","dateModified":"2018-05-09T07:53:54+00:00","mainEntityOfPage":{"@id":"https:\/\/www.informaticapremium.com\/blog\/amd-ryzen-ultimos-detalles\/"},"wordCount":1263,"commentCount":4,"publisher":{"@id":"https:\/\/www.informaticapremium.com\/blog\/#organization"},"keywords":["14 nm","AMD","AMD Ryzen","AMD Ryzen X","AMD XFR","AMD Zen","CPU","Lanzamiento AMD Ryzen","Precios AMD Ryzen","procesador","procesadores","Ryzen XFR"],"articleSection":["Hardware","Procesadores","Sistemas"],"inLanguage":"es","potentialAction":[{"@type":"CommentAction","name":"Comment","target":["https:\/\/www.informaticapremium.com\/blog\/amd-ryzen-ultimos-detalles\/#respond"]}]},{"@type":"WebPage","@id":"https:\/\/www.informaticapremium.com\/blog\/amd-ryzen-ultimos-detalles\/","url":"https:\/\/www.informaticapremium.com\/blog\/amd-ryzen-ultimos-detalles\/","name":"AMD Ryzen. \u00daltimos detalles. - Blog | informaticapremium","isPartOf":{"@id":"https:\/\/www.informaticapremium.com\/blog\/#website"},"datePublished":"2017-02-12T18:30:15+00:00","dateModified":"2018-05-09T07:53:54+00:00","description":"AMD Ryzen monopoliza los titulares en la industria de semiconductores por las excelentes expectativas respecto a su rendimiento. Aqu\u00ed comparto mi an\u00e1lisis.","breadcrumb":{"@id":"https:\/\/www.informaticapremium.com\/blog\/amd-ryzen-ultimos-detalles\/#breadcrumb"},"inLanguage":"es","potentialAction":[{"@type":"ReadAction","target":["https:\/\/www.informaticapremium.com\/blog\/amd-ryzen-ultimos-detalles\/"]}]},{"@type":"BreadcrumbList","@id":"https:\/\/www.informaticapremium.com\/blog\/amd-ryzen-ultimos-detalles\/#breadcrumb","itemListElement":[{"@type":"ListItem","position":1,"name":"Portada","item":"https:\/\/www.informaticapremium.com\/blog\/"},{"@type":"ListItem","position":2,"name":"AMD Ryzen. \u00daltimos detalles."}]},{"@type":"WebSite","@id":"https:\/\/www.informaticapremium.com\/blog\/#website","url":"https:\/\/www.informaticapremium.com\/blog\/","name":"Blog | informaticapremium","description":"Inform\u00e1tica, sistemas, hardware, redes, procesadores, optimizaci\u00f3n del rendimiento","publisher":{"@id":"https:\/\/www.informaticapremium.com\/blog\/#organization"},"potentialAction":[{"@type":"SearchAction","target":{"@type":"EntryPoint","urlTemplate":"https:\/\/www.informaticapremium.com\/blog\/?s={search_term_string}"},"query-input":"required name=search_term_string"}],"inLanguage":"es"},{"@type":"Organization","@id":"https:\/\/www.informaticapremium.com\/blog\/#organization","name":"informaticapremium","url":"https:\/\/www.informaticapremium.com\/blog\/","logo":{"@type":"ImageObject","inLanguage":"es","@id":"https:\/\/www.informaticapremium.com\/blog\/#\/schema\/logo\/image\/","url":"https:\/\/i2.wp.com\/www.informaticapremium.com\/blog\/wp-content\/uploads\/2016\/10\/cropped-informaticapremium-logo.png?fit=240%2C240&ssl=1","contentUrl":"https:\/\/i2.wp.com\/www.informaticapremium.com\/blog\/wp-content\/uploads\/2016\/10\/cropped-informaticapremium-logo.png?fit=240%2C240&ssl=1","width":240,"height":240,"caption":"informaticapremium"},"image":{"@id":"https:\/\/www.informaticapremium.com\/blog\/#\/schema\/logo\/image\/"},"sameAs":["https:\/\/www.facebook.com\/informaticapremiumcom\/","https:\/\/twitter.com\/informatpremium","https:\/\/www.linkedin.com\/company\/informaticapremium\/"]},{"@type":"Person","@id":"https:\/\/www.informaticapremium.com\/blog\/#\/schema\/person\/cae1ff82e8f2355d7544ca56e0558b06","name":"Carlos Yus Valero","description":"Apasionado de la tecnolog\u00eda, el mundo de las IT y la f\u00edsica te\u00f3rica. Mi profesi\u00f3n gira en torno a la administraci\u00f3n de sistemas y el hardware hace 18 a\u00f1os.","sameAs":["https:\/\/informaticapremium.com"],"url":"https:\/\/www.informaticapremium.com\/blog\/author\/carlosyus\/"}]}},"jetpack_featured_media_url":"https:\/\/i0.wp.com\/www.informaticapremium.com\/blog\/wp-content\/uploads\/2017\/02\/AMD-Zen-CCX.jpg?fit=640%2C372&ssl=1","jetpack_shortlink":"https:\/\/wp.me\/p7V1wU-4e","jetpack-related-posts":[{"id":416,"url":"https:\/\/www.informaticapremium.com\/blog\/especificaciones-procesadores-amd-threadripper\/","url_meta":{"origin":262,"position":0},"title":"Especificaciones procesadores AMD Threadripper","author":"Carlos Yus Valero","date":"10 agosto, 2017","format":false,"excerpt":"Especificaciones procesadores AMD Threadripper. Las CPUs Threadripper permiten a AMD llegar a la c\u00faspide del segmento premium y competir de t\u00fa a t\u00fa con los estratosf\u00e9ricos y ultra caros Intel Skylake-X. Threadripper comprende CPUs desde los 8 a los 16 cores capaces de procesar de 16 a 32 threads simult\u00e1neamente.\u2026","rel":"","context":"En \u00abHardware\u00bb","block_context":{"text":"Hardware","link":"https:\/\/www.informaticapremium.com\/blog\/category\/hardware\/"},"img":{"alt_text":"Los procesadores AMD Threadripper integran hasta 16 cores.","src":"https:\/\/i0.wp.com\/www.informaticapremium.com\/blog\/wp-content\/uploads\/2017\/08\/AMD-Ryzen-Threadripper.png?fit=577%2C276&ssl=1&resize=350%2C200","width":350,"height":200,"srcset":"https:\/\/i0.wp.com\/www.informaticapremium.com\/blog\/wp-content\/uploads\/2017\/08\/AMD-Ryzen-Threadripper.png?fit=577%2C276&ssl=1&resize=350%2C200 1x, https:\/\/i0.wp.com\/www.informaticapremium.com\/blog\/wp-content\/uploads\/2017\/08\/AMD-Ryzen-Threadripper.png?fit=577%2C276&ssl=1&resize=525%2C300 1.5x"},"classes":[]},{"id":10,"url":"https:\/\/www.informaticapremium.com\/blog\/sistemas\/","url_meta":{"origin":262,"position":1},"title":"Sistemas","author":"Eduardo","date":"1 septiembre, 2016","format":false,"excerpt":"Sistemas: Categor\u00eda orientada a entradas sobre instalaci\u00f3n, configuraci\u00f3n y optimizaci\u00f3n de sistemas operativos y otro software. Entradas publicadas en Blog|informaticapremium Sistemas: Presentaci\u00f3n blog \u2013 Carlos Yus Bloqueando reincidentes de Fail2ban AMD Zen \/ Ryzen 14 nm \u2013 Historia AMD Zen \/ Ryzen Cache NVMe vs AHCI: Almacenamiento AMD Ryzen, chipsets\u2026","rel":"","context":"En \u00abSistemas\u00bb","block_context":{"text":"Sistemas","link":"https:\/\/www.informaticapremium.com\/blog\/category\/sistemas\/"},"img":{"alt_text":"Los m\u00f3dulos GSkill DDR4 3200.","src":"https:\/\/i0.wp.com\/www.informaticapremium.com\/blog\/wp-content\/uploads\/2017\/08\/GSLILL-DDR4_3200_02.jpg?fit=640%2C427&ssl=1&resize=350%2C200","width":350,"height":200,"srcset":"https:\/\/i0.wp.com\/www.informaticapremium.com\/blog\/wp-content\/uploads\/2017\/08\/GSLILL-DDR4_3200_02.jpg?fit=640%2C427&ssl=1&resize=350%2C200 1x, https:\/\/i0.wp.com\/www.informaticapremium.com\/blog\/wp-content\/uploads\/2017\/08\/GSLILL-DDR4_3200_02.jpg?fit=640%2C427&ssl=1&resize=525%2C300 1.5x"},"classes":[]},{"id":301,"url":"https:\/\/www.informaticapremium.com\/blog\/amd-ryzen-7-8c-16t-4ghz\/","url_meta":{"origin":262,"position":2},"title":"AMD Ryzen 7 &#8211; 8 cores 16 threads y 4 GHz","author":"Carlos Yus Valero","date":"23 febrero, 2017","format":false,"excerpt":"El procesador AMD Ryzen 7, la estrella de la gama, llega con 8 cores, 16 threads y 4 GHz en modo turbo para revolucionar el mercado... ... Literalmente. La gama alta de los procesadores Ryzen competir\u00e1 con las CPU Intel de la serie 6800 y 6900 de 6, 8 y\u2026","rel":"","context":"En \u00abHardware\u00bb","block_context":{"text":"Hardware","link":"https:\/\/www.informaticapremium.com\/blog\/category\/hardware\/"},"img":{"alt_text":"Un core AMD Ryzen con su banco L3 de 2 MB.","src":"https:\/\/i0.wp.com\/www.informaticapremium.com\/blog\/wp-content\/uploads\/2017\/02\/Ryzen-1C-2MB-L3-colores-640px.jpg?fit=640%2C303&ssl=1&resize=350%2C200","width":350,"height":200,"srcset":"https:\/\/i0.wp.com\/www.informaticapremium.com\/blog\/wp-content\/uploads\/2017\/02\/Ryzen-1C-2MB-L3-colores-640px.jpg?fit=640%2C303&ssl=1&resize=350%2C200 1x, https:\/\/i0.wp.com\/www.informaticapremium.com\/blog\/wp-content\/uploads\/2017\/02\/Ryzen-1C-2MB-L3-colores-640px.jpg?fit=640%2C303&ssl=1&resize=525%2C300 1.5x"},"classes":[]},{"id":384,"url":"https:\/\/www.informaticapremium.com\/blog\/intel-vs-amd-la-arquitectura-de-cache\/","url_meta":{"origin":262,"position":3},"title":"Intel vs AMD &#8211; La arquitectura de cache","author":"Carlos Yus Valero","date":"7 agosto, 2017","format":false,"excerpt":"Intel vs AMD - La arquitectura de cache de los nuevos procesadores Ryzen, Threadripper y Skylake-X condiciona su rendimiento y determina con qu\u00e9 aplicaciones destacan y cuales son sus puntos d\u00e9biles. Con la aparici\u00f3n de los procesadores AMD basados en n\u00facleos Zen el panorama inform\u00e1tico ha dado un vuelco radical.\u2026","rel":"","context":"En \u00abHardware\u00bb","block_context":{"text":"Hardware","link":"https:\/\/www.informaticapremium.com\/blog\/category\/hardware\/"},"img":{"alt_text":"El procesador AMD Ryzen Threadripper.","src":"https:\/\/i0.wp.com\/www.informaticapremium.com\/blog\/wp-content\/uploads\/2017\/08\/AMD-Threadripper-chip.jpg?fit=640%2C346&ssl=1&resize=350%2C200","width":350,"height":200,"srcset":"https:\/\/i0.wp.com\/www.informaticapremium.com\/blog\/wp-content\/uploads\/2017\/08\/AMD-Threadripper-chip.jpg?fit=640%2C346&ssl=1&resize=350%2C200 1x, https:\/\/i0.wp.com\/www.informaticapremium.com\/blog\/wp-content\/uploads\/2017\/08\/AMD-Threadripper-chip.jpg?fit=640%2C346&ssl=1&resize=525%2C300 1.5x"},"classes":[]},{"id":401,"url":"https:\/\/www.informaticapremium.com\/blog\/especificaciones-procesadores-intel-skylake-x\/","url_meta":{"origin":262,"position":4},"title":"Especificaciones procesadores Intel Skylake-X","author":"Carlos Yus Valero","date":"9 agosto, 2017","format":false,"excerpt":"Especificaciones procesadores Intel Skylake-X.\u00a0Los nuevos procesadores Skylake-X sustituyen a los Broadwell-E 14 nm en el mercado HEDT. Comprende CPUs desde los 6 a los 18 cores capaces de procesar de 12 a 36 threads simult\u00e1neamente. Os detallo las versiones y caracter\u00edsticas de cada una de ellas. Tambi\u00e9n encontrar\u00e9is un an\u00e1lisis\u2026","rel":"","context":"En \u00abHardware\u00bb","block_context":{"text":"Hardware","link":"https:\/\/www.informaticapremium.com\/blog\/category\/hardware\/"},"img":{"alt_text":"Caracter\u00edsticas de los procesadores Skylake-X HCC de 12 a 18 cores.","src":"https:\/\/i0.wp.com\/www.informaticapremium.com\/blog\/wp-content\/uploads\/2017\/08\/Skylake-X-HCC-12-18-cores.png?fit=646%2C391&ssl=1&resize=350%2C200","width":350,"height":200,"srcset":"https:\/\/i0.wp.com\/www.informaticapremium.com\/blog\/wp-content\/uploads\/2017\/08\/Skylake-X-HCC-12-18-cores.png?fit=646%2C391&ssl=1&resize=350%2C200 1x, https:\/\/i0.wp.com\/www.informaticapremium.com\/blog\/wp-content\/uploads\/2017\/08\/Skylake-X-HCC-12-18-cores.png?fit=646%2C391&ssl=1&resize=525%2C300 1.5x"},"classes":[]},{"id":209,"url":"https:\/\/www.informaticapremium.com\/blog\/amd-ryzen-chipsets-y-placas-base-informaticapremium\/","url_meta":{"origin":262,"position":5},"title":"AMD Ryzen, chipsets y placas base &#8211; informaticapremium","author":"Carlos Yus Valero","date":"11 enero, 2017","format":false,"excerpt":"AMD Ryzen\u00a0est\u00e1 llamado a ser el procesador que va a traer competencia al sector tras una d\u00e9cada de aplastante dominio de Intel: Ryzen ir\u00e1 montado en placas base con socket AM4. Utilizar\u00e1 memorias dual channel DDR4 de\u00a0alta frecuencia. Contar\u00e1 con las \u00faltimas tecnolog\u00edas en conectividad del momento. He analizado en\u2026","rel":"","context":"En \u00abHardware\u00bb","block_context":{"text":"Hardware","link":"https:\/\/www.informaticapremium.com\/blog\/category\/hardware\/"},"img":{"alt_text":"Con Ryzen AMD ha dise\u00f1ado chipsets a la altura de las expectativas","src":"https:\/\/i0.wp.com\/www.informaticapremium.com\/blog\/wp-content\/uploads\/2017\/01\/AMD-Ryzen-AM4-Placa-Base-AsRock-1.jpg?fit=640%2C557&ssl=1&resize=350%2C200","width":350,"height":200,"srcset":"https:\/\/i0.wp.com\/www.informaticapremium.com\/blog\/wp-content\/uploads\/2017\/01\/AMD-Ryzen-AM4-Placa-Base-AsRock-1.jpg?fit=640%2C557&ssl=1&resize=350%2C200 1x, https:\/\/i0.wp.com\/www.informaticapremium.com\/blog\/wp-content\/uploads\/2017\/01\/AMD-Ryzen-AM4-Placa-Base-AsRock-1.jpg?fit=640%2C557&ssl=1&resize=525%2C300 1.5x"},"classes":[]}],"_links":{"self":[{"href":"https:\/\/www.informaticapremium.com\/blog\/wp-json\/wp\/v2\/posts\/262"}],"collection":[{"href":"https:\/\/www.informaticapremium.com\/blog\/wp-json\/wp\/v2\/posts"}],"about":[{"href":"https:\/\/www.informaticapremium.com\/blog\/wp-json\/wp\/v2\/types\/post"}],"author":[{"embeddable":true,"href":"https:\/\/www.informaticapremium.com\/blog\/wp-json\/wp\/v2\/users\/2"}],"replies":[{"embeddable":true,"href":"https:\/\/www.informaticapremium.com\/blog\/wp-json\/wp\/v2\/comments?post=262"}],"version-history":[{"count":0,"href":"https:\/\/www.informaticapremium.com\/blog\/wp-json\/wp\/v2\/posts\/262\/revisions"}],"wp:featuredmedia":[{"embeddable":true,"href":"https:\/\/www.informaticapremium.com\/blog\/wp-json\/wp\/v2\/media\/266"}],"wp:attachment":[{"href":"https:\/\/www.informaticapremium.com\/blog\/wp-json\/wp\/v2\/media?parent=262"}],"wp:term":[{"taxonomy":"category","embeddable":true,"href":"https:\/\/www.informaticapremium.com\/blog\/wp-json\/wp\/v2\/categories?post=262"},{"taxonomy":"post_tag","embeddable":true,"href":"https:\/\/www.informaticapremium.com\/blog\/wp-json\/wp\/v2\/tags?post=262"}],"curies":[{"name":"wp","href":"https:\/\/api.w.org\/{rel}","templated":true}]}}