{"id":605,"date":"2019-01-15T18:09:43","date_gmt":"2019-01-15T17:09:43","guid":{"rendered":"https:\/\/www.informaticapremium.com\/blog\/?p=605"},"modified":"2019-01-15T19:44:08","modified_gmt":"2019-01-15T18:44:08","slug":"afinidad-scheduler-de-windows-10-y-virtualizacion","status":"publish","type":"post","link":"https:\/\/www.informaticapremium.com\/blog\/afinidad-scheduler-de-windows-10-y-virtualizacion\/","title":{"rendered":"Afinidad, Scheduler de Windows 10 y Virtualizaci\u00f3n"},"content":{"rendered":"<p>En el art\u00edculo anterior habl\u00e9 sobre el <a href=\"https:\/\/www.informaticapremium.com\/blog\/el-scheduler-de-windows-10-y-las-cpu-multicore\/\" target=\"_blank\" rel=\"noopener\">Scheduler de Windows y algunas optimizaciones posibles afinitizando tareas a CPUs l\u00f3gicas<\/a>\u00a0poniendo de manifiesto t\u00e9cnicas para mejorar el threading en sistemas Windows 10.<\/p>\n<p>En este me centrar\u00e9 en la Virtualizaci\u00f3n y como puede beneficiarse de manera importante asignando de forma permanente y definida recursos de CPU\u00a0 a las VM.<\/p>\n<p>Mediante el Administrador de Tareas podemos modificar el comportamiento de un componente crucial de Windows: El Scheduler de Windows 10.<\/p>\n<h2>Afinidad y Virtualizaci\u00f3n<\/h2>\n<p>En un Host Windows 10 puedo asignar 4 cores con SMT (un CCX completo con su L3 de 8 MB y 8 threads) a una VM Ubuntu 18.04 LTS en VirtualBox con excelentes resultados en velocidad y sin mermas de prestaciones en el Host Windows 10.<\/p>\n<blockquote><p>Pondr\u00e9 un ejemplo pr\u00e1ctico con VirtualBox y un Guest Ubuntu 18.04 LTS en un Host Windows 10 Pro 1809 x64.<\/p><\/blockquote>\n<p>Primero, como base vamos a ver el comportamiento nominal de VirtualBox en Windows 10 Pro.<\/p>\n<p><!--more--><\/p>\n<h2>VirtualBox por defecto en Windows 10<\/h2>\n<p>Creamos una VM con 8 cores, 4 GB RAM y dem\u00e1s ajustes:<\/p>\n<figure id=\"attachment_597\" aria-describedby=\"caption-attachment-597\" style=\"width: 646px\" class=\"wp-caption aligncenter\"><img decoding=\"async\" loading=\"lazy\" class=\"size-full wp-image-597\" src=\"https:\/\/i0.wp.com\/www.informaticapremium.com\/blog\/wp-content\/uploads\/2018\/12\/VirtualBox_U1804LTS_8c_4G_01.jpg?resize=646%2C771&#038;ssl=1\" alt=\"VM Ubuntu 18.04 LTS en VirtualBox (Host Windows 10)\" width=\"646\" height=\"771\" srcset=\"https:\/\/i0.wp.com\/www.informaticapremium.com\/blog\/wp-content\/uploads\/2018\/12\/VirtualBox_U1804LTS_8c_4G_01.jpg?w=646&amp;ssl=1 646w, https:\/\/i0.wp.com\/www.informaticapremium.com\/blog\/wp-content\/uploads\/2018\/12\/VirtualBox_U1804LTS_8c_4G_01.jpg?resize=251%2C300&amp;ssl=1 251w\" sizes=\"(max-width: 709px) 85vw, (max-width: 909px) 67vw, (max-width: 984px) 61vw, (max-width: 1362px) 45vw, 600px\" data-recalc-dims=\"1\" \/><figcaption id=\"caption-attachment-597\" class=\"wp-caption-text\">VM Ubuntu 18.04 LTS en VirtualBox (Host Windows 10)<\/figcaption><\/figure>\n<p>Ajustes de procesador:<\/p>\n<figure id=\"attachment_598\" aria-describedby=\"caption-attachment-598\" style=\"width: 683px\" class=\"wp-caption aligncenter\"><img decoding=\"async\" loading=\"lazy\" class=\"size-full wp-image-598\" src=\"https:\/\/i0.wp.com\/www.informaticapremium.com\/blog\/wp-content\/uploads\/2018\/12\/VirtualBox_U1804LTS_8c_4G_CPU.jpg?resize=683%2C441&#038;ssl=1\" alt=\"Ajustes de CPU en VirtualBox Ubuntu 1804LTS 8c 4GB DRAM\" width=\"683\" height=\"441\" srcset=\"https:\/\/i0.wp.com\/www.informaticapremium.com\/blog\/wp-content\/uploads\/2018\/12\/VirtualBox_U1804LTS_8c_4G_CPU.jpg?w=683&amp;ssl=1 683w, https:\/\/i0.wp.com\/www.informaticapremium.com\/blog\/wp-content\/uploads\/2018\/12\/VirtualBox_U1804LTS_8c_4G_CPU.jpg?resize=300%2C194&amp;ssl=1 300w\" sizes=\"(max-width: 709px) 85vw, (max-width: 909px) 67vw, (max-width: 984px) 61vw, (max-width: 1362px) 45vw, 600px\" data-recalc-dims=\"1\" \/><figcaption id=\"caption-attachment-598\" class=\"wp-caption-text\">Ajustes de CPU en VirtualBox Ubuntu 18.04 LTS 8 cores 4 GB RAM<\/figcaption><\/figure>\n<p>Lanzando la VM y ejecutando alguna tarea ligera obtenemos la siguiente vista en el Administrador de tareas de Windows 10:<\/p>\n<figure id=\"attachment_599\" aria-describedby=\"caption-attachment-599\" style=\"width: 800px\" class=\"wp-caption aligncenter\"><img decoding=\"async\" loading=\"lazy\" class=\"size-full wp-image-599\" src=\"https:\/\/i0.wp.com\/www.informaticapremium.com\/blog\/wp-content\/uploads\/2018\/12\/UbuntuActs_Win10Taskman_800.jpg?resize=800%2C357&#038;ssl=1\" alt=\"VM Ubuntu 18.04 LTS lanzada en Windows 10 por defecto.\" width=\"800\" height=\"357\" srcset=\"https:\/\/i0.wp.com\/www.informaticapremium.com\/blog\/wp-content\/uploads\/2018\/12\/UbuntuActs_Win10Taskman_800.jpg?w=800&amp;ssl=1 800w, https:\/\/i0.wp.com\/www.informaticapremium.com\/blog\/wp-content\/uploads\/2018\/12\/UbuntuActs_Win10Taskman_800.jpg?resize=300%2C134&amp;ssl=1 300w, https:\/\/i0.wp.com\/www.informaticapremium.com\/blog\/wp-content\/uploads\/2018\/12\/UbuntuActs_Win10Taskman_800.jpg?resize=768%2C343&amp;ssl=1 768w\" sizes=\"(max-width: 709px) 85vw, (max-width: 909px) 67vw, (max-width: 984px) 61vw, (max-width: 1362px) 45vw, 600px\" data-recalc-dims=\"1\" \/><figcaption id=\"caption-attachment-599\" class=\"wp-caption-text\">VM Ubuntu 18.04 LTS lanzada en Windows 10 por defecto.<\/figcaption><\/figure>\n<p>Vemos actividad en las CPUs l\u00f3gicas 1,2,4,6,8,10,12 y 14 (8 en total, tal como hemos definido en VirtualBox):<\/p>\n<figure id=\"attachment_600\" aria-describedby=\"caption-attachment-600\" style=\"width: 800px\" class=\"wp-caption aligncenter\"><img decoding=\"async\" loading=\"lazy\" class=\"size-full wp-image-600\" src=\"https:\/\/i0.wp.com\/www.informaticapremium.com\/blog\/wp-content\/uploads\/2018\/12\/UbuntuActs_Win10Taskman_800_02_anotada.jpg?resize=800%2C485&#038;ssl=1\" alt=\"Actividad en 8 CPUs l\u00f3gicas, elegidas din\u00e1micamente por el Scheduler de Windows 10.\" width=\"800\" height=\"485\" srcset=\"https:\/\/i0.wp.com\/www.informaticapremium.com\/blog\/wp-content\/uploads\/2018\/12\/UbuntuActs_Win10Taskman_800_02_anotada.jpg?w=800&amp;ssl=1 800w, https:\/\/i0.wp.com\/www.informaticapremium.com\/blog\/wp-content\/uploads\/2018\/12\/UbuntuActs_Win10Taskman_800_02_anotada.jpg?resize=300%2C182&amp;ssl=1 300w, https:\/\/i0.wp.com\/www.informaticapremium.com\/blog\/wp-content\/uploads\/2018\/12\/UbuntuActs_Win10Taskman_800_02_anotada.jpg?resize=768%2C466&amp;ssl=1 768w\" sizes=\"(max-width: 709px) 85vw, (max-width: 909px) 67vw, (max-width: 984px) 61vw, (max-width: 1362px) 45vw, 600px\" data-recalc-dims=\"1\" \/><figcaption id=\"caption-attachment-600\" class=\"wp-caption-text\">Actividad en 8 CPUs l\u00f3gicas, elegidas din\u00e1micamente por el Scheduler de Windows 10.<\/figcaption><\/figure>\n<p>El resto es actividad &#8216;residual&#8217; de los procesos del sistema Host Windows 10.<\/p>\n<p>Con <strong>htop<\/strong> vemos las 8 CPUs l\u00f3gicas que he asignado a la VM Ubuntu 18.04 LTS en VirtualBox.<\/p>\n<figure id=\"attachment_595\" aria-describedby=\"caption-attachment-595\" style=\"width: 800px\" class=\"wp-caption aligncenter\"><img decoding=\"async\" loading=\"lazy\" class=\"size-full wp-image-595\" src=\"https:\/\/i0.wp.com\/www.informaticapremium.com\/blog\/wp-content\/uploads\/2018\/12\/htop_Ryzen7_1700_VirtualBox_8c.jpg?resize=800%2C429&#038;ssl=1\" alt=\"htop en VM Ubuntu 18.04 LTS con 8 CPUs l\u00f3gicas asignadas.\" width=\"800\" height=\"429\" srcset=\"https:\/\/i0.wp.com\/www.informaticapremium.com\/blog\/wp-content\/uploads\/2018\/12\/htop_Ryzen7_1700_VirtualBox_8c.jpg?w=800&amp;ssl=1 800w, https:\/\/i0.wp.com\/www.informaticapremium.com\/blog\/wp-content\/uploads\/2018\/12\/htop_Ryzen7_1700_VirtualBox_8c.jpg?resize=300%2C161&amp;ssl=1 300w, https:\/\/i0.wp.com\/www.informaticapremium.com\/blog\/wp-content\/uploads\/2018\/12\/htop_Ryzen7_1700_VirtualBox_8c.jpg?resize=768%2C412&amp;ssl=1 768w\" sizes=\"(max-width: 709px) 85vw, (max-width: 909px) 67vw, (max-width: 984px) 61vw, (max-width: 1362px) 45vw, 600px\" data-recalc-dims=\"1\" \/><figcaption id=\"caption-attachment-595\" class=\"wp-caption-text\">htop en VM Ubuntu 18.04 LTS con 8 CPUs l\u00f3gicas asignadas.<\/figcaption><\/figure>\n<p><span style=\"color: #1a1a1a; font-size: 16px;\">Resumiendo, Windows 10 da libertad total al Scheduler para asignar los threads a las CPUs l\u00f3gicas disponibles (16), de hecho esta asignaci\u00f3n es din\u00e1mica y va variando en el tiempo.<\/span><\/p>\n<figure id=\"attachment_601\" aria-describedby=\"caption-attachment-601\" style=\"width: 800px\" class=\"wp-caption aligncenter\"><img decoding=\"async\" loading=\"lazy\" class=\"size-full wp-image-601\" src=\"https:\/\/i0.wp.com\/www.informaticapremium.com\/blog\/wp-content\/uploads\/2018\/12\/AMD_Zeppelin_14nm_800.jpg?resize=800%2C350&#038;ssl=1\" alt=\"En amarillo los 8 cores f\u00edsicos en uso por VirtualBox.\" width=\"800\" height=\"350\" srcset=\"https:\/\/i0.wp.com\/www.informaticapremium.com\/blog\/wp-content\/uploads\/2018\/12\/AMD_Zeppelin_14nm_800.jpg?w=800&amp;ssl=1 800w, https:\/\/i0.wp.com\/www.informaticapremium.com\/blog\/wp-content\/uploads\/2018\/12\/AMD_Zeppelin_14nm_800.jpg?resize=300%2C131&amp;ssl=1 300w, https:\/\/i0.wp.com\/www.informaticapremium.com\/blog\/wp-content\/uploads\/2018\/12\/AMD_Zeppelin_14nm_800.jpg?resize=768%2C336&amp;ssl=1 768w\" sizes=\"(max-width: 709px) 85vw, (max-width: 909px) 67vw, (max-width: 984px) 61vw, (max-width: 1362px) 45vw, 600px\" data-recalc-dims=\"1\" \/><figcaption id=\"caption-attachment-601\" class=\"wp-caption-text\">En amarillo los 8 cores f\u00edsicos en uso por VirtualBox.<\/figcaption><\/figure>\n<h2>Afinidad manual en VirtualBox en Host Windows 10<\/h2>\n<p>Debemos ir al Administrador de Tareas del Host Windows 10 Pro, pesta\u00f1a detalles. All\u00ed buscamos <strong>VBoxSVC.exe<\/strong>, click derecho y seleccionamos\u00a0 Establecer Afinidad:<\/p>\n<figure id=\"attachment_596\" aria-describedby=\"caption-attachment-596\" style=\"width: 727px\" class=\"wp-caption aligncenter\"><img decoding=\"async\" loading=\"lazy\" class=\"size-full wp-image-596\" src=\"https:\/\/i0.wp.com\/www.informaticapremium.com\/blog\/wp-content\/uploads\/2018\/12\/afinitizar_01.jpg?resize=727%2C435&#038;ssl=1\" alt=\"Afinitizando VBoxSVC.exe al segundo CCX.\" width=\"727\" height=\"435\" srcset=\"https:\/\/i0.wp.com\/www.informaticapremium.com\/blog\/wp-content\/uploads\/2018\/12\/afinitizar_01.jpg?w=727&amp;ssl=1 727w, https:\/\/i0.wp.com\/www.informaticapremium.com\/blog\/wp-content\/uploads\/2018\/12\/afinitizar_01.jpg?resize=300%2C180&amp;ssl=1 300w\" sizes=\"(max-width: 709px) 85vw, (max-width: 909px) 67vw, (max-width: 984px) 61vw, (max-width: 1362px) 45vw, 600px\" data-recalc-dims=\"1\" \/><figcaption id=\"caption-attachment-596\" class=\"wp-caption-text\">Afinitizando VBoxSVC.exe al segundo CCX.<\/figcaption><\/figure>\n<p>En mi caso, asigno 8\u00a0 CPUs, de la CPU 7 a la 15 inclusive a <strong>VBoxSVC.exe.<\/strong><\/p>\n<p>En el sistema de pruebas con una CPU <a href=\"https:\/\/www.informaticapremium.com\/blog\/amd-ryzen-7-8c-16t-4ghz\/\" target=\"_blank\" rel=\"noopener\">AMD Ryzen<\/a> 7 1700 de 8 cores f\u00edsicos con 16 CPUs l\u00f3gicas (threads) opto por dedicar un CCX completo a la VM VirtualBox. Es decir, le asigno:<\/p>\n<ul>\n<li>4 cores f\u00edsicos con sus cach\u00e9s L1d, L1i y L2 dedicadas.<\/li>\n<li>8 MB de cach\u00e9 L3 compartida (CCX1).<\/li>\n<li>8 CPUs l\u00f3gicas gracias al SMT.<\/li>\n<\/ul>\n<p>Ejecutamos una carga de <em>alta complejidad&#8230;<\/em>\u00a0(cd \/; ls -Rla) en la consola para ver algo de actividad (hay que ser r\u00e1pido porque corre sobre un 970 Evo de 500 GB&#8230;)<\/p>\n<figure id=\"attachment_603\" aria-describedby=\"caption-attachment-603\" style=\"width: 800px\" class=\"wp-caption aligncenter\"><img decoding=\"async\" loading=\"lazy\" class=\"size-full wp-image-603\" src=\"https:\/\/i0.wp.com\/www.informaticapremium.com\/blog\/wp-content\/uploads\/2018\/12\/UbuntuActs_Win10Taskman_Affin_800.jpg?resize=800%2C522&#038;ssl=1\" alt=\"VirtualBox con afinidad manual a 8 CPUs l\u00f3gicas.\" width=\"800\" height=\"522\" srcset=\"https:\/\/i0.wp.com\/www.informaticapremium.com\/blog\/wp-content\/uploads\/2018\/12\/UbuntuActs_Win10Taskman_Affin_800.jpg?w=800&amp;ssl=1 800w, https:\/\/i0.wp.com\/www.informaticapremium.com\/blog\/wp-content\/uploads\/2018\/12\/UbuntuActs_Win10Taskman_Affin_800.jpg?resize=300%2C196&amp;ssl=1 300w, https:\/\/i0.wp.com\/www.informaticapremium.com\/blog\/wp-content\/uploads\/2018\/12\/UbuntuActs_Win10Taskman_Affin_800.jpg?resize=768%2C501&amp;ssl=1 768w\" sizes=\"(max-width: 709px) 85vw, (max-width: 909px) 67vw, (max-width: 984px) 61vw, (max-width: 1362px) 45vw, 600px\" data-recalc-dims=\"1\" \/><figcaption id=\"caption-attachment-603\" class=\"wp-caption-text\">VirtualBox con afinidad manual a 8 CPUs l\u00f3gicas.<\/figcaption><\/figure>\n<p>Como vemos, solo aparece actividad en las CPUs l\u00f3gicas correspondientes al segundo CCX (8 a 15 inclusive):<\/p>\n<figure id=\"attachment_604\" aria-describedby=\"caption-attachment-604\" style=\"width: 800px\" class=\"wp-caption aligncenter\"><img decoding=\"async\" loading=\"lazy\" class=\"size-full wp-image-604\" src=\"https:\/\/i0.wp.com\/www.informaticapremium.com\/blog\/wp-content\/uploads\/2018\/12\/AMD_Zeppelin_14nm_affin_800.jpg?resize=800%2C350&#038;ssl=1\" alt=\"VirtualBox afinidad manual: s\u00f3lo hay actividad en el segundo CCX.\" width=\"800\" height=\"350\" srcset=\"https:\/\/i0.wp.com\/www.informaticapremium.com\/blog\/wp-content\/uploads\/2018\/12\/AMD_Zeppelin_14nm_affin_800.jpg?w=800&amp;ssl=1 800w, https:\/\/i0.wp.com\/www.informaticapremium.com\/blog\/wp-content\/uploads\/2018\/12\/AMD_Zeppelin_14nm_affin_800.jpg?resize=300%2C131&amp;ssl=1 300w, https:\/\/i0.wp.com\/www.informaticapremium.com\/blog\/wp-content\/uploads\/2018\/12\/AMD_Zeppelin_14nm_affin_800.jpg?resize=768%2C336&amp;ssl=1 768w\" sizes=\"(max-width: 709px) 85vw, (max-width: 909px) 67vw, (max-width: 984px) 61vw, (max-width: 1362px) 45vw, 600px\" data-recalc-dims=\"1\" \/><figcaption id=\"caption-attachment-604\" class=\"wp-caption-text\">VirtualBox afinidad manual: s\u00f3lo hay actividad en el segundo CCX.<\/figcaption><\/figure>\n<h2>Conclusiones<\/h2>\n<p>En sentido estricto hay que valorar si nuestra aplicaci\u00f3n va a beneficiarse de llevar a cabo una afinidad manual de los threads a las CPUs l\u00f3gicas o no.<\/p>\n<p>El ejemplo de la Virtualizaci\u00f3n es at\u00edpico por una cuesti\u00f3n fundamental:<\/p>\n<p>A veces es m\u00e1s eficaz <strong>asignar solo CPUs f\u00edsicas a las VM<\/strong> que asignar el doble de CPUs l\u00f3gicas. Es un balance que debe de valorar el usuario en funci\u00f3n de la m\u00e1quina, los sistemas Host y Guest y el software.<\/p>\n<p>En este caso quiz\u00e1s la elecci\u00f3n perfecta y m\u00e1s balanceada ser\u00eda la siguiente:<\/p>\n<p>Asignar\u00eda 4 CPUs l\u00f3gicas, todas ellas del segundo CCX a la VM. En este caso los cores l\u00f3gicos 8, 10, 12 y 14. Quedar\u00eda libre el primer CCX completo (8 CPUs l\u00f3gicas) y las 4 CPUs l\u00f3gicas impares del segundo CCX.<\/p>\n<p>Todas las transacciones de memoria tencdr\u00edan acceso a los recursos completos de los 4 cores f\u00edsicos del CCX1 y a su cach\u00e9 L3 de 8 MB.<\/p>\n","protected":false},"excerpt":{"rendered":"<p>En el art\u00edculo anterior habl\u00e9 sobre el Scheduler de Windows y algunas optimizaciones posibles afinitizando tareas a CPUs l\u00f3gicas\u00a0poniendo de manifiesto t\u00e9cnicas para mejorar el threading en sistemas Windows 10. En este me centrar\u00e9 en la Virtualizaci\u00f3n y como puede beneficiarse de manera importante asignando de forma permanente y definida recursos de CPU\u00a0 a las &hellip; <a href=\"https:\/\/www.informaticapremium.com\/blog\/afinidad-scheduler-de-windows-10-y-virtualizacion\/\" class=\"more-link\">Continuar leyendo<span class=\"screen-reader-text\"> \u00abAfinidad, Scheduler de Windows 10 y Virtualizaci\u00f3n\u00bb<\/span><\/a><\/p>\n","protected":false},"author":2,"featured_media":604,"comment_status":"open","ping_status":"open","sticky":false,"template":"","format":"standard","meta":{"jetpack_post_was_ever_published":false,"_jetpack_newsletter_access":"","footnotes":"","jetpack_publicize_message":"","jetpack_is_tweetstorm":false,"jetpack_publicize_feature_enabled":true,"jetpack_social_post_already_shared":true,"jetpack_social_options":{"image_generator_settings":{"template":"highway","enabled":false}}},"categories":[160,190,18,4],"tags":[195,185,184,128,193,181,182,191,192,180,194],"jetpack_publicize_connections":[],"yoast_head":"<!-- This site is optimized with the Yoast SEO plugin v21.3 - https:\/\/yoast.com\/wordpress\/plugins\/seo\/ -->\n<title>Afinidad, Scheduler de Windows 10 y Virtualizaci\u00f3n - Blog | informaticapremium<\/title>\n<meta name=\"robots\" content=\"index, follow, max-snippet:-1, max-image-preview:large, max-video-preview:-1\" \/>\n<link rel=\"canonical\" href=\"https:\/\/www.informaticapremium.com\/blog\/afinidad-scheduler-de-windows-10-y-virtualizacion\/\" \/>\n<meta property=\"og:locale\" content=\"es_ES\" \/>\n<meta property=\"og:type\" content=\"article\" \/>\n<meta property=\"og:title\" content=\"Afinidad, Scheduler de Windows 10 y Virtualizaci\u00f3n - Blog | informaticapremium\" \/>\n<meta property=\"og:description\" content=\"En el art\u00edculo anterior habl\u00e9 sobre el Scheduler de Windows y algunas optimizaciones posibles afinitizando tareas a CPUs l\u00f3gicas\u00a0poniendo de manifiesto t\u00e9cnicas para mejorar el threading en sistemas Windows 10. En este me centrar\u00e9 en la Virtualizaci\u00f3n y como puede beneficiarse de manera importante asignando de forma permanente y definida recursos de CPU\u00a0 a las &hellip; Continuar leyendo &quot;Afinidad, Scheduler de Windows 10 y Virtualizaci\u00f3n&quot;\" \/>\n<meta property=\"og:url\" content=\"https:\/\/www.informaticapremium.com\/blog\/afinidad-scheduler-de-windows-10-y-virtualizacion\/\" \/>\n<meta property=\"og:site_name\" content=\"Blog | informaticapremium\" \/>\n<meta property=\"article:publisher\" content=\"https:\/\/www.facebook.com\/informaticapremiumcom\/\" \/>\n<meta property=\"article:published_time\" content=\"2019-01-15T17:09:43+00:00\" \/>\n<meta property=\"article:modified_time\" content=\"2019-01-15T18:44:08+00:00\" \/>\n<meta property=\"og:image\" content=\"https:\/\/i0.wp.com\/www.informaticapremium.com\/blog\/wp-content\/uploads\/2018\/12\/AMD_Zeppelin_14nm_affin_800.jpg?fit=800%2C350&ssl=1\" \/>\n\t<meta property=\"og:image:width\" content=\"800\" \/>\n\t<meta property=\"og:image:height\" content=\"350\" \/>\n\t<meta property=\"og:image:type\" content=\"image\/jpeg\" \/>\n<meta name=\"author\" content=\"Carlos Yus Valero\" \/>\n<meta name=\"twitter:card\" content=\"summary_large_image\" \/>\n<meta name=\"twitter:creator\" content=\"@informatpremium\" \/>\n<meta name=\"twitter:site\" content=\"@informatpremium\" \/>\n<meta name=\"twitter:label1\" content=\"Escrito por\" \/>\n\t<meta name=\"twitter:data1\" content=\"Carlos Yus Valero\" \/>\n\t<meta name=\"twitter:label2\" content=\"Tiempo de lectura\" \/>\n\t<meta name=\"twitter:data2\" content=\"4 minutos\" \/>\n<script type=\"application\/ld+json\" class=\"yoast-schema-graph\">{\"@context\":\"https:\/\/schema.org\",\"@graph\":[{\"@type\":\"Article\",\"@id\":\"https:\/\/www.informaticapremium.com\/blog\/afinidad-scheduler-de-windows-10-y-virtualizacion\/#article\",\"isPartOf\":{\"@id\":\"https:\/\/www.informaticapremium.com\/blog\/afinidad-scheduler-de-windows-10-y-virtualizacion\/\"},\"author\":{\"name\":\"Carlos Yus Valero\",\"@id\":\"https:\/\/www.informaticapremium.com\/blog\/#\/schema\/person\/cae1ff82e8f2355d7544ca56e0558b06\"},\"headline\":\"Afinidad, Scheduler de Windows 10 y Virtualizaci\u00f3n\",\"datePublished\":\"2019-01-15T17:09:43+00:00\",\"dateModified\":\"2019-01-15T18:44:08+00:00\",\"mainEntityOfPage\":{\"@id\":\"https:\/\/www.informaticapremium.com\/blog\/afinidad-scheduler-de-windows-10-y-virtualizacion\/\"},\"wordCount\":744,\"commentCount\":1,\"publisher\":{\"@id\":\"https:\/\/www.informaticapremium.com\/blog\/#organization\"},\"keywords\":[\"Administrador Tareas\",\"affinitize\",\"afinidad\",\"AMD Ryzen 7\",\"CPU l\u00f3gica\",\"Scheduler\",\"thread\",\"VirtualBox\",\"Virtualizaci\u00f3n\",\"Windows 10\",\"Windows10\"],\"articleSection\":[\"informaticapremium\",\"Optimizaci\u00f3n\",\"Procesadores\",\"Sistemas\"],\"inLanguage\":\"es\",\"potentialAction\":[{\"@type\":\"CommentAction\",\"name\":\"Comment\",\"target\":[\"https:\/\/www.informaticapremium.com\/blog\/afinidad-scheduler-de-windows-10-y-virtualizacion\/#respond\"]}]},{\"@type\":\"WebPage\",\"@id\":\"https:\/\/www.informaticapremium.com\/blog\/afinidad-scheduler-de-windows-10-y-virtualizacion\/\",\"url\":\"https:\/\/www.informaticapremium.com\/blog\/afinidad-scheduler-de-windows-10-y-virtualizacion\/\",\"name\":\"Afinidad, Scheduler de Windows 10 y Virtualizaci\u00f3n - Blog | informaticapremium\",\"isPartOf\":{\"@id\":\"https:\/\/www.informaticapremium.com\/blog\/#website\"},\"datePublished\":\"2019-01-15T17:09:43+00:00\",\"dateModified\":\"2019-01-15T18:44:08+00:00\",\"breadcrumb\":{\"@id\":\"https:\/\/www.informaticapremium.com\/blog\/afinidad-scheduler-de-windows-10-y-virtualizacion\/#breadcrumb\"},\"inLanguage\":\"es\",\"potentialAction\":[{\"@type\":\"ReadAction\",\"target\":[\"https:\/\/www.informaticapremium.com\/blog\/afinidad-scheduler-de-windows-10-y-virtualizacion\/\"]}]},{\"@type\":\"BreadcrumbList\",\"@id\":\"https:\/\/www.informaticapremium.com\/blog\/afinidad-scheduler-de-windows-10-y-virtualizacion\/#breadcrumb\",\"itemListElement\":[{\"@type\":\"ListItem\",\"position\":1,\"name\":\"Portada\",\"item\":\"https:\/\/www.informaticapremium.com\/blog\/\"},{\"@type\":\"ListItem\",\"position\":2,\"name\":\"Afinidad, Scheduler de Windows 10 y Virtualizaci\u00f3n\"}]},{\"@type\":\"WebSite\",\"@id\":\"https:\/\/www.informaticapremium.com\/blog\/#website\",\"url\":\"https:\/\/www.informaticapremium.com\/blog\/\",\"name\":\"Blog | informaticapremium\",\"description\":\"Inform\u00e1tica, sistemas, hardware, redes, procesadores, optimizaci\u00f3n del rendimiento\",\"publisher\":{\"@id\":\"https:\/\/www.informaticapremium.com\/blog\/#organization\"},\"potentialAction\":[{\"@type\":\"SearchAction\",\"target\":{\"@type\":\"EntryPoint\",\"urlTemplate\":\"https:\/\/www.informaticapremium.com\/blog\/?s={search_term_string}\"},\"query-input\":\"required name=search_term_string\"}],\"inLanguage\":\"es\"},{\"@type\":\"Organization\",\"@id\":\"https:\/\/www.informaticapremium.com\/blog\/#organization\",\"name\":\"informaticapremium\",\"url\":\"https:\/\/www.informaticapremium.com\/blog\/\",\"logo\":{\"@type\":\"ImageObject\",\"inLanguage\":\"es\",\"@id\":\"https:\/\/www.informaticapremium.com\/blog\/#\/schema\/logo\/image\/\",\"url\":\"https:\/\/i2.wp.com\/www.informaticapremium.com\/blog\/wp-content\/uploads\/2016\/10\/cropped-informaticapremium-logo.png?fit=240%2C240&ssl=1\",\"contentUrl\":\"https:\/\/i2.wp.com\/www.informaticapremium.com\/blog\/wp-content\/uploads\/2016\/10\/cropped-informaticapremium-logo.png?fit=240%2C240&ssl=1\",\"width\":240,\"height\":240,\"caption\":\"informaticapremium\"},\"image\":{\"@id\":\"https:\/\/www.informaticapremium.com\/blog\/#\/schema\/logo\/image\/\"},\"sameAs\":[\"https:\/\/www.facebook.com\/informaticapremiumcom\/\",\"https:\/\/twitter.com\/informatpremium\",\"https:\/\/www.linkedin.com\/company\/informaticapremium\/\"]},{\"@type\":\"Person\",\"@id\":\"https:\/\/www.informaticapremium.com\/blog\/#\/schema\/person\/cae1ff82e8f2355d7544ca56e0558b06\",\"name\":\"Carlos Yus Valero\",\"description\":\"Apasionado de la tecnolog\u00eda, el mundo de las IT y la f\u00edsica te\u00f3rica. Mi profesi\u00f3n gira en torno a la administraci\u00f3n de sistemas y el hardware hace 18 a\u00f1os.\",\"sameAs\":[\"https:\/\/informaticapremium.com\"],\"url\":\"https:\/\/www.informaticapremium.com\/blog\/author\/carlosyus\/\"}]}<\/script>\n<!-- \/ Yoast SEO plugin. -->","yoast_head_json":{"title":"Afinidad, Scheduler de Windows 10 y Virtualizaci\u00f3n - Blog | informaticapremium","robots":{"index":"index","follow":"follow","max-snippet":"max-snippet:-1","max-image-preview":"max-image-preview:large","max-video-preview":"max-video-preview:-1"},"canonical":"https:\/\/www.informaticapremium.com\/blog\/afinidad-scheduler-de-windows-10-y-virtualizacion\/","og_locale":"es_ES","og_type":"article","og_title":"Afinidad, Scheduler de Windows 10 y Virtualizaci\u00f3n - Blog | informaticapremium","og_description":"En el art\u00edculo anterior habl\u00e9 sobre el Scheduler de Windows y algunas optimizaciones posibles afinitizando tareas a CPUs l\u00f3gicas\u00a0poniendo de manifiesto t\u00e9cnicas para mejorar el threading en sistemas Windows 10. En este me centrar\u00e9 en la Virtualizaci\u00f3n y como puede beneficiarse de manera importante asignando de forma permanente y definida recursos de CPU\u00a0 a las &hellip; Continuar leyendo \"Afinidad, Scheduler de Windows 10 y Virtualizaci\u00f3n\"","og_url":"https:\/\/www.informaticapremium.com\/blog\/afinidad-scheduler-de-windows-10-y-virtualizacion\/","og_site_name":"Blog | informaticapremium","article_publisher":"https:\/\/www.facebook.com\/informaticapremiumcom\/","article_published_time":"2019-01-15T17:09:43+00:00","article_modified_time":"2019-01-15T18:44:08+00:00","og_image":[{"width":800,"height":350,"url":"https:\/\/i0.wp.com\/www.informaticapremium.com\/blog\/wp-content\/uploads\/2018\/12\/AMD_Zeppelin_14nm_affin_800.jpg?fit=800%2C350&ssl=1","type":"image\/jpeg"}],"author":"Carlos Yus Valero","twitter_card":"summary_large_image","twitter_creator":"@informatpremium","twitter_site":"@informatpremium","twitter_misc":{"Escrito por":"Carlos Yus Valero","Tiempo de lectura":"4 minutos"},"schema":{"@context":"https:\/\/schema.org","@graph":[{"@type":"Article","@id":"https:\/\/www.informaticapremium.com\/blog\/afinidad-scheduler-de-windows-10-y-virtualizacion\/#article","isPartOf":{"@id":"https:\/\/www.informaticapremium.com\/blog\/afinidad-scheduler-de-windows-10-y-virtualizacion\/"},"author":{"name":"Carlos Yus Valero","@id":"https:\/\/www.informaticapremium.com\/blog\/#\/schema\/person\/cae1ff82e8f2355d7544ca56e0558b06"},"headline":"Afinidad, Scheduler de Windows 10 y Virtualizaci\u00f3n","datePublished":"2019-01-15T17:09:43+00:00","dateModified":"2019-01-15T18:44:08+00:00","mainEntityOfPage":{"@id":"https:\/\/www.informaticapremium.com\/blog\/afinidad-scheduler-de-windows-10-y-virtualizacion\/"},"wordCount":744,"commentCount":1,"publisher":{"@id":"https:\/\/www.informaticapremium.com\/blog\/#organization"},"keywords":["Administrador Tareas","affinitize","afinidad","AMD Ryzen 7","CPU l\u00f3gica","Scheduler","thread","VirtualBox","Virtualizaci\u00f3n","Windows 10","Windows10"],"articleSection":["informaticapremium","Optimizaci\u00f3n","Procesadores","Sistemas"],"inLanguage":"es","potentialAction":[{"@type":"CommentAction","name":"Comment","target":["https:\/\/www.informaticapremium.com\/blog\/afinidad-scheduler-de-windows-10-y-virtualizacion\/#respond"]}]},{"@type":"WebPage","@id":"https:\/\/www.informaticapremium.com\/blog\/afinidad-scheduler-de-windows-10-y-virtualizacion\/","url":"https:\/\/www.informaticapremium.com\/blog\/afinidad-scheduler-de-windows-10-y-virtualizacion\/","name":"Afinidad, Scheduler de Windows 10 y Virtualizaci\u00f3n - Blog | informaticapremium","isPartOf":{"@id":"https:\/\/www.informaticapremium.com\/blog\/#website"},"datePublished":"2019-01-15T17:09:43+00:00","dateModified":"2019-01-15T18:44:08+00:00","breadcrumb":{"@id":"https:\/\/www.informaticapremium.com\/blog\/afinidad-scheduler-de-windows-10-y-virtualizacion\/#breadcrumb"},"inLanguage":"es","potentialAction":[{"@type":"ReadAction","target":["https:\/\/www.informaticapremium.com\/blog\/afinidad-scheduler-de-windows-10-y-virtualizacion\/"]}]},{"@type":"BreadcrumbList","@id":"https:\/\/www.informaticapremium.com\/blog\/afinidad-scheduler-de-windows-10-y-virtualizacion\/#breadcrumb","itemListElement":[{"@type":"ListItem","position":1,"name":"Portada","item":"https:\/\/www.informaticapremium.com\/blog\/"},{"@type":"ListItem","position":2,"name":"Afinidad, Scheduler de Windows 10 y Virtualizaci\u00f3n"}]},{"@type":"WebSite","@id":"https:\/\/www.informaticapremium.com\/blog\/#website","url":"https:\/\/www.informaticapremium.com\/blog\/","name":"Blog | informaticapremium","description":"Inform\u00e1tica, sistemas, hardware, redes, procesadores, optimizaci\u00f3n del rendimiento","publisher":{"@id":"https:\/\/www.informaticapremium.com\/blog\/#organization"},"potentialAction":[{"@type":"SearchAction","target":{"@type":"EntryPoint","urlTemplate":"https:\/\/www.informaticapremium.com\/blog\/?s={search_term_string}"},"query-input":"required name=search_term_string"}],"inLanguage":"es"},{"@type":"Organization","@id":"https:\/\/www.informaticapremium.com\/blog\/#organization","name":"informaticapremium","url":"https:\/\/www.informaticapremium.com\/blog\/","logo":{"@type":"ImageObject","inLanguage":"es","@id":"https:\/\/www.informaticapremium.com\/blog\/#\/schema\/logo\/image\/","url":"https:\/\/i2.wp.com\/www.informaticapremium.com\/blog\/wp-content\/uploads\/2016\/10\/cropped-informaticapremium-logo.png?fit=240%2C240&ssl=1","contentUrl":"https:\/\/i2.wp.com\/www.informaticapremium.com\/blog\/wp-content\/uploads\/2016\/10\/cropped-informaticapremium-logo.png?fit=240%2C240&ssl=1","width":240,"height":240,"caption":"informaticapremium"},"image":{"@id":"https:\/\/www.informaticapremium.com\/blog\/#\/schema\/logo\/image\/"},"sameAs":["https:\/\/www.facebook.com\/informaticapremiumcom\/","https:\/\/twitter.com\/informatpremium","https:\/\/www.linkedin.com\/company\/informaticapremium\/"]},{"@type":"Person","@id":"https:\/\/www.informaticapremium.com\/blog\/#\/schema\/person\/cae1ff82e8f2355d7544ca56e0558b06","name":"Carlos Yus Valero","description":"Apasionado de la tecnolog\u00eda, el mundo de las IT y la f\u00edsica te\u00f3rica. Mi profesi\u00f3n gira en torno a la administraci\u00f3n de sistemas y el hardware hace 18 a\u00f1os.","sameAs":["https:\/\/informaticapremium.com"],"url":"https:\/\/www.informaticapremium.com\/blog\/author\/carlosyus\/"}]}},"jetpack_featured_media_url":"https:\/\/i0.wp.com\/www.informaticapremium.com\/blog\/wp-content\/uploads\/2018\/12\/AMD_Zeppelin_14nm_affin_800.jpg?fit=800%2C350&ssl=1","jetpack_shortlink":"https:\/\/wp.me\/p7V1wU-9L","jetpack-related-posts":[{"id":10,"url":"https:\/\/www.informaticapremium.com\/blog\/sistemas\/","url_meta":{"origin":605,"position":0},"title":"Sistemas","author":"Eduardo","date":"1 septiembre, 2016","format":false,"excerpt":"Sistemas: Categor\u00eda orientada a entradas sobre instalaci\u00f3n, configuraci\u00f3n y optimizaci\u00f3n de sistemas operativos y otro software. Entradas publicadas en Blog|informaticapremium Sistemas: Presentaci\u00f3n blog \u2013 Carlos Yus Bloqueando reincidentes de Fail2ban AMD Zen \/ Ryzen 14 nm \u2013 Historia AMD Zen \/ Ryzen Cache NVMe vs AHCI: Almacenamiento AMD Ryzen, chipsets\u2026","rel":"","context":"En \u00abSistemas\u00bb","block_context":{"text":"Sistemas","link":"https:\/\/www.informaticapremium.com\/blog\/category\/sistemas\/"},"img":{"alt_text":"Los m\u00f3dulos GSkill DDR4 3200.","src":"https:\/\/i0.wp.com\/www.informaticapremium.com\/blog\/wp-content\/uploads\/2017\/08\/GSLILL-DDR4_3200_02.jpg?fit=640%2C427&ssl=1&resize=350%2C200","width":350,"height":200,"srcset":"https:\/\/i0.wp.com\/www.informaticapremium.com\/blog\/wp-content\/uploads\/2017\/08\/GSLILL-DDR4_3200_02.jpg?fit=640%2C427&ssl=1&resize=350%2C200 1x, https:\/\/i0.wp.com\/www.informaticapremium.com\/blog\/wp-content\/uploads\/2017\/08\/GSLILL-DDR4_3200_02.jpg?fit=640%2C427&ssl=1&resize=525%2C300 1.5x"},"classes":[]},{"id":517,"url":"https:\/\/www.informaticapremium.com\/blog\/el-scheduler-de-windows-10-y-las-cpu-multicore\/","url_meta":{"origin":605,"position":1},"title":"El Scheduler de Windows 10 y las CPU multicore","author":"Carlos Yus Valero","date":"18 diciembre, 2018","format":false,"excerpt":"En este art\u00edculo describir\u00e9 sencillas optimizaciones de rendimiento aplicables a la mayor\u00eda de aplicaciones multithread debido a las interacciones\u00a0 entre el Scheduler de Windows 10 y las CPU multicore. Estas aplicaciones comprenden la inmensa mayor\u00eda del software: Compresores de archivos (WinRAR, 7Zip...) Software de edici\u00f3n de imagen, v\u00eddeo y audio\u2026","rel":"","context":"En \u00abHardware\u00bb","block_context":{"text":"Hardware","link":"https:\/\/www.informaticapremium.com\/blog\/category\/hardware\/"},"img":{"alt_text":"Windows 10. Ejecuci\u00f3n de carga 8 threads en CPU 16 threads con afinidad manual.","src":"https:\/\/i0.wp.com\/www.informaticapremium.com\/blog\/wp-content\/uploads\/2018\/10\/Fritz-4.2-AFFIN-8T-0-2-4-6-8-10-12-14-e1545299075604.png?fit=800%2C451&ssl=1&resize=350%2C200","width":350,"height":200,"srcset":"https:\/\/i0.wp.com\/www.informaticapremium.com\/blog\/wp-content\/uploads\/2018\/10\/Fritz-4.2-AFFIN-8T-0-2-4-6-8-10-12-14-e1545299075604.png?fit=800%2C451&ssl=1&resize=350%2C200 1x, https:\/\/i0.wp.com\/www.informaticapremium.com\/blog\/wp-content\/uploads\/2018\/10\/Fritz-4.2-AFFIN-8T-0-2-4-6-8-10-12-14-e1545299075604.png?fit=800%2C451&ssl=1&resize=525%2C300 1.5x, https:\/\/i0.wp.com\/www.informaticapremium.com\/blog\/wp-content\/uploads\/2018\/10\/Fritz-4.2-AFFIN-8T-0-2-4-6-8-10-12-14-e1545299075604.png?fit=800%2C451&ssl=1&resize=700%2C400 2x"},"classes":[]},{"id":622,"url":"https:\/\/www.informaticapremium.com\/blog\/virtalbox-guest-additions-red-hat-rhel-7-6\/","url_meta":{"origin":605,"position":2},"title":"VirtualBox Guest Additions en VM Red Hat RHEL 7.6","author":"Carlos Yus Valero","date":"22 febrero, 2019","format":false,"excerpt":"Dedico este art\u00edculo a la instalaci\u00f3n de las VirtualBox Guest Additions en un Host Windows 10 Pro. Las Guest Additions\u00a0brindan numerosas posibilidades a nuestras m\u00e1quinas virtuales y facilita mucho su utilizaci\u00f3n. En este caso el Sistema Guest es un Red Hat RHEL 7.6 Server con interfaz gr\u00e1fica. En otro art\u00edculo\u2026","rel":"","context":"En \u00abDesarrollo\u00bb","block_context":{"text":"Desarrollo","link":"https:\/\/www.informaticapremium.com\/blog\/category\/desarrollo\/"},"img":{"alt_text":"Ejecutamos el instalador de las VirtualBox Linux Additions","src":"https:\/\/i0.wp.com\/www.informaticapremium.com\/blog\/wp-content\/uploads\/2019\/02\/guest-additions-05.png?fit=916%2C518&ssl=1&resize=350%2C200","width":350,"height":200,"srcset":"https:\/\/i0.wp.com\/www.informaticapremium.com\/blog\/wp-content\/uploads\/2019\/02\/guest-additions-05.png?fit=916%2C518&ssl=1&resize=350%2C200 1x, https:\/\/i0.wp.com\/www.informaticapremium.com\/blog\/wp-content\/uploads\/2019\/02\/guest-additions-05.png?fit=916%2C518&ssl=1&resize=525%2C300 1.5x, https:\/\/i0.wp.com\/www.informaticapremium.com\/blog\/wp-content\/uploads\/2019\/02\/guest-additions-05.png?fit=916%2C518&ssl=1&resize=700%2C400 2x"},"classes":[]},{"id":651,"url":"https:\/\/www.informaticapremium.com\/blog\/retpoline-en-windows-10\/","url_meta":{"origin":605,"position":3},"title":"Implementaci\u00f3n de Retpoline en Windows 10 Pro","author":"Carlos Yus Valero","date":"16 marzo, 2019","format":false,"excerpt":"Google desarroll\u00f3 Retpoline, una t\u00e9cnica inteligente de control de flujo, para acelerar dr\u00e1sticamente las operaciones y procesos dependientes de la ejecuci\u00f3n especulativa. La clave de Retpoline es hacerlo, adem\u00e1s, sin comprometer la seguridad.","rel":"","context":"En \u00abDesarrollo\u00bb","block_context":{"text":"Desarrollo","link":"https:\/\/www.informaticapremium.com\/blog\/category\/desarrollo\/"},"img":{"alt_text":"Retpoline para Windows 10","src":"https:\/\/i0.wp.com\/www.informaticapremium.com\/blog\/wp-content\/uploads\/2019\/03\/Retpoline.jpg?fit=1100%2C704&ssl=1&resize=350%2C200","width":350,"height":200,"srcset":"https:\/\/i0.wp.com\/www.informaticapremium.com\/blog\/wp-content\/uploads\/2019\/03\/Retpoline.jpg?fit=1100%2C704&ssl=1&resize=350%2C200 1x, https:\/\/i0.wp.com\/www.informaticapremium.com\/blog\/wp-content\/uploads\/2019\/03\/Retpoline.jpg?fit=1100%2C704&ssl=1&resize=525%2C300 1.5x, https:\/\/i0.wp.com\/www.informaticapremium.com\/blog\/wp-content\/uploads\/2019\/03\/Retpoline.jpg?fit=1100%2C704&ssl=1&resize=700%2C400 2x, https:\/\/i0.wp.com\/www.informaticapremium.com\/blog\/wp-content\/uploads\/2019\/03\/Retpoline.jpg?fit=1100%2C704&ssl=1&resize=1050%2C600 3x"},"classes":[]},{"id":430,"url":"https:\/\/www.informaticapremium.com\/blog\/amd-threadripper-informaticapremium-edition\/","url_meta":{"origin":605,"position":4},"title":"AMD Threadripper informaticapremium Edition","author":"Carlos Yus Valero","date":"13 agosto, 2017","format":false,"excerpt":"En informaticapremium nos hemos tomado muy en serio el lanzamiento de los nuevos procesadores AMD Ryzen Threadripper y por ello hemos preparado una configuraci\u00f3n optimizada para nuestros clientes m\u00e1s exigentes, el espectacular sistema\u00a0AMD Threadripper informaticapremium Edition. Podemos decir sin duda que,\u00a0a d\u00eda de hoy, AMD Threadripper es el procesador perfecto\u2026","rel":"","context":"En \u00abHardware\u00bb","block_context":{"text":"Hardware","link":"https:\/\/www.informaticapremium.com\/blog\/category\/hardware\/"},"img":{"alt_text":"GSLILL DDR4 3200 32GB ajustada en rojo","src":"https:\/\/i0.wp.com\/www.informaticapremium.com\/blog\/wp-content\/uploads\/2017\/08\/GSLILL-DDR4-3200-32GB-02.jpg?fit=640%2C427&ssl=1&resize=350%2C200","width":350,"height":200,"srcset":"https:\/\/i0.wp.com\/www.informaticapremium.com\/blog\/wp-content\/uploads\/2017\/08\/GSLILL-DDR4-3200-32GB-02.jpg?fit=640%2C427&ssl=1&resize=350%2C200 1x, https:\/\/i0.wp.com\/www.informaticapremium.com\/blog\/wp-content\/uploads\/2017\/08\/GSLILL-DDR4-3200-32GB-02.jpg?fit=640%2C427&ssl=1&resize=525%2C300 1.5x"},"classes":[]},{"id":71,"url":"https:\/\/www.informaticapremium.com\/blog\/hardware-presentacion-blog-carlos-yus\/","url_meta":{"origin":605,"position":5},"title":"Hardware &#8211; Presentaci\u00f3n blog &#8211; Carlos Yus","author":"Carlos Yus Valero","date":"14 octubre, 2016","format":false,"excerpt":"Esta es una presentaci\u00f3n\u00a0y una declaraci\u00f3n de intenciones sobre qu\u00e9 vais a encontrar bajo mi firma, Carlos Yus Valero, en este Blog sobre Hardware. Tratar\u00e9 sobre lo \u00faltimo en hardware, sistemas, almacenamiento, redes, programaci\u00f3n, dise\u00f1o web, recuperaci\u00f3n de datos y actualidad del mundo de la t\u00e9cnica y la inform\u00e1tica. Llevo\u2026","rel":"","context":"En \u00abHardware\u00bb","block_context":{"text":"Hardware","link":"https:\/\/www.informaticapremium.com\/blog\/category\/hardware\/"},"img":{"alt_text":"Amstrad CPC 464","src":"https:\/\/i0.wp.com\/www.informaticapremium.com\/blog\/wp-content\/uploads\/2016\/10\/cpc464a.jpg?fit=600%2C209&ssl=1&resize=350%2C200","width":350,"height":200,"srcset":"https:\/\/i0.wp.com\/www.informaticapremium.com\/blog\/wp-content\/uploads\/2016\/10\/cpc464a.jpg?fit=600%2C209&ssl=1&resize=350%2C200 1x, https:\/\/i0.wp.com\/www.informaticapremium.com\/blog\/wp-content\/uploads\/2016\/10\/cpc464a.jpg?fit=600%2C209&ssl=1&resize=525%2C300 1.5x"},"classes":[]}],"_links":{"self":[{"href":"https:\/\/www.informaticapremium.com\/blog\/wp-json\/wp\/v2\/posts\/605"}],"collection":[{"href":"https:\/\/www.informaticapremium.com\/blog\/wp-json\/wp\/v2\/posts"}],"about":[{"href":"https:\/\/www.informaticapremium.com\/blog\/wp-json\/wp\/v2\/types\/post"}],"author":[{"embeddable":true,"href":"https:\/\/www.informaticapremium.com\/blog\/wp-json\/wp\/v2\/users\/2"}],"replies":[{"embeddable":true,"href":"https:\/\/www.informaticapremium.com\/blog\/wp-json\/wp\/v2\/comments?post=605"}],"version-history":[{"count":0,"href":"https:\/\/www.informaticapremium.com\/blog\/wp-json\/wp\/v2\/posts\/605\/revisions"}],"wp:featuredmedia":[{"embeddable":true,"href":"https:\/\/www.informaticapremium.com\/blog\/wp-json\/wp\/v2\/media\/604"}],"wp:attachment":[{"href":"https:\/\/www.informaticapremium.com\/blog\/wp-json\/wp\/v2\/media?parent=605"}],"wp:term":[{"taxonomy":"category","embeddable":true,"href":"https:\/\/www.informaticapremium.com\/blog\/wp-json\/wp\/v2\/categories?post=605"},{"taxonomy":"post_tag","embeddable":true,"href":"https:\/\/www.informaticapremium.com\/blog\/wp-json\/wp\/v2\/tags?post=605"}],"curies":[{"name":"wp","href":"https:\/\/api.w.org\/{rel}","templated":true}]}}